{"id":851,"date":"2014-05-02T18:55:52","date_gmt":"2014-05-02T21:55:52","guid":{"rendered":"http:\/\/festivaltaguatinga.com.br\/?p=851"},"modified":"2014-06-16T12:16:25","modified_gmt":"2014-06-16T15:16:25","slug":"mencao-honrosa-meu-nome-e-fabio","status":"publish","type":"post","link":"https:\/\/festivaltaguatinga.com.br\/blog\/mencao-honrosa-meu-nome-e-fabio\/","title":{"rendered":"MEN\u00c7\u00c3O HONROSA: MEU NOME \u00c9 F\u00c1BIO"},"content":{"rendered":"<p>Pela abordagem da realidade de um jovem morador de rua e pela constru\u00e7\u00e3o de uma narrativa hibrida fic\u00e7\u00e3o-documental. A organiza\u00e7\u00e3o do Festival concede Men\u00e7\u00e3o Honrosa ao filme <a title=\"Meu nome \u00e9 f\u00e1bio\" href=\"http:\/\/festivaltaguatinga.com.br\/festivalTagua\/11\/assista\/vote\/filme\/465\"><em>Meu nome \u00e9 F\u00e1bio<\/em><\/a>, do Distrito Federal, dire\u00e7\u00e3o de Ivaldo Cavalcanti. O curta-metragem tamb\u00e9m levou o trof\u00e9u de segundo lugar no voto popular.\u00a0(* cr\u00e9dito da foto: Paula Carrubba)<\/p>\n<p><a href=\"http:\/\/festivaltaguatinga.com.br\/wp-content\/uploads\/2014\/05\/FESTIVAL-TAGUATINGA-DE-CINEMA-2014-DIA-4-GANADORES-E-MENCOES-Foto-Paula-Carrubba-8450.jpg\"><img loading=\"lazy\" decoding=\"async\" class=\"alignnone size-medium wp-image-852\" alt=\"11\u02da Festival Taguatinga de Cinema\" src=\"http:\/\/festivaltaguatinga.com.br\/wp-content\/uploads\/2014\/05\/FESTIVAL-TAGUATINGA-DE-CINEMA-2014-DIA-4-GANADORES-E-MENCOES-Foto-Paula-Carrubba-8450-300x200.jpg\" width=\"300\" height=\"200\" srcset=\"https:\/\/festivaltaguatinga.com.br\/blog\/wp-content\/uploads\/2014\/05\/FESTIVAL-TAGUATINGA-DE-CINEMA-2014-DIA-4-GANADORES-E-MENCOES-Foto-Paula-Carrubba-8450-300x200.jpg 300w, https:\/\/festivaltaguatinga.com.br\/blog\/wp-content\/uploads\/2014\/05\/FESTIVAL-TAGUATINGA-DE-CINEMA-2014-DIA-4-GANADORES-E-MENCOES-Foto-Paula-Carrubba-8450-1024x682.jpg 1024w, https:\/\/festivaltaguatinga.com.br\/blog\/wp-content\/uploads\/2014\/05\/FESTIVAL-TAGUATINGA-DE-CINEMA-2014-DIA-4-GANADORES-E-MENCOES-Foto-Paula-Carrubba-8450-600x400.jpg 600w, https:\/\/festivaltaguatinga.com.br\/blog\/wp-content\/uploads\/2014\/05\/FESTIVAL-TAGUATINGA-DE-CINEMA-2014-DIA-4-GANADORES-E-MENCOES-Foto-Paula-Carrubba-8450.jpg 1600w\" sizes=\"auto, (max-width: 300px) 100vw, 300px\" \/><\/a><\/p>\n","protected":false},"excerpt":{"rendered":"<p>Pela abordagem da realidade de um jovem morador de rua e pela constru\u00e7\u00e3o de uma narrativa hibrida fic\u00e7\u00e3o-documental. A organiza\u00e7\u00e3o do Festival concede Men\u00e7\u00e3o Honrosa ao filme Meu nome \u00e9 F\u00e1bio, do Distrito Federal, dire\u00e7\u00e3o de Ivaldo Cavalcanti. O curta-metragem tamb\u00e9m levou o trof\u00e9u de segundo lugar no voto popular.\u00a0(* cr\u00e9dito da foto: Paula Carrubba)<\/p>\n","protected":false},"author":12,"featured_media":358,"comment_status":"closed","ping_status":"closed","sticky":false,"template":"","format":"standard","meta":{"footnotes":""},"categories":[5],"tags":[27],"class_list":["post-851","post","type-post","status-publish","format-standard","has-post-thumbnail","hentry","category-noticia","tag-noticia"],"_links":{"self":[{"href":"https:\/\/festivaltaguatinga.com.br\/blog\/wp-json\/wp\/v2\/posts\/851","targetHints":{"allow":["GET"]}}],"collection":[{"href":"https:\/\/festivaltaguatinga.com.br\/blog\/wp-json\/wp\/v2\/posts"}],"about":[{"href":"https:\/\/festivaltaguatinga.com.br\/blog\/wp-json\/wp\/v2\/types\/post"}],"author":[{"embeddable":true,"href":"https:\/\/festivaltaguatinga.com.br\/blog\/wp-json\/wp\/v2\/users\/12"}],"replies":[{"embeddable":true,"href":"https:\/\/festivaltaguatinga.com.br\/blog\/wp-json\/wp\/v2\/comments?post=851"}],"version-history":[{"count":2,"href":"https:\/\/festivaltaguatinga.com.br\/blog\/wp-json\/wp\/v2\/posts\/851\/revisions"}],"predecessor-version":[{"id":939,"href":"https:\/\/festivaltaguatinga.com.br\/blog\/wp-json\/wp\/v2\/posts\/851\/revisions\/939"}],"wp:featuredmedia":[{"embeddable":true,"href":"https:\/\/festivaltaguatinga.com.br\/blog\/wp-json\/wp\/v2\/media\/358"}],"wp:attachment":[{"href":"https:\/\/festivaltaguatinga.com.br\/blog\/wp-json\/wp\/v2\/media?parent=851"}],"wp:term":[{"taxonomy":"category","embeddable":true,"href":"https:\/\/festivaltaguatinga.com.br\/blog\/wp-json\/wp\/v2\/categories?post=851"},{"taxonomy":"post_tag","embeddable":true,"href":"https:\/\/festivaltaguatinga.com.br\/blog\/wp-json\/wp\/v2\/tags?post=851"}],"curies":[{"name":"wp","href":"https:\/\/api.w.org\/{rel}","templated":true}]}}