{"id":845,"date":"2014-05-02T18:44:05","date_gmt":"2014-05-02T21:44:05","guid":{"rendered":"http:\/\/festivaltaguatinga.com.br\/?p=845"},"modified":"2014-06-16T12:18:32","modified_gmt":"2014-06-16T15:18:32","slug":"mencao-honrosa-linha-do-mar","status":"publish","type":"post","link":"https:\/\/festivaltaguatinga.com.br\/blog\/mencao-honrosa-linha-do-mar\/","title":{"rendered":"MEN\u00c7\u00c3O HONROSA: LINHA DO MAR"},"content":{"rendered":"<p>Pela fotografia e pela abordagem l\u00fadica de uma narrativa que tem como fio condutor uma linha que liga presente e passado atrav\u00e9s da mem\u00f3ria, a organiza\u00e7\u00e3o do festival concedeu Men\u00e7\u00e3o Honrosa ao filme <a title=\"Linha do Mar\" href=\"http:\/\/festivaltaguatinga.com.br\/festivalTagua\/11\/assista\/vote\/filme\/155\"><i>Linha do mar<\/i><\/a>, de Santa Catarina, dire\u00e7\u00e3o de Felipe Vernizzi. (* cr\u00e9dito da foto: Paula Carrubba)<\/p>\n<p><a href=\"http:\/\/festivaltaguatinga.com.br\/wp-content\/uploads\/2014\/05\/FESTIVAL-TAGUATINGA-DE-CINEMA-2014-DIA-4-GANADORES-E-MENCOES-Foto-Paula-Carrubba-8513.jpg\"><img loading=\"lazy\" decoding=\"async\" class=\"alignnone size-medium wp-image-846\" alt=\"11\u02da Festival Taguatinga de Cinema\" src=\"http:\/\/festivaltaguatinga.com.br\/wp-content\/uploads\/2014\/05\/FESTIVAL-TAGUATINGA-DE-CINEMA-2014-DIA-4-GANADORES-E-MENCOES-Foto-Paula-Carrubba-8513-200x300.jpg\" width=\"200\" height=\"300\" srcset=\"https:\/\/festivaltaguatinga.com.br\/blog\/wp-content\/uploads\/2014\/05\/FESTIVAL-TAGUATINGA-DE-CINEMA-2014-DIA-4-GANADORES-E-MENCOES-Foto-Paula-Carrubba-8513-200x300.jpg 200w, https:\/\/festivaltaguatinga.com.br\/blog\/wp-content\/uploads\/2014\/05\/FESTIVAL-TAGUATINGA-DE-CINEMA-2014-DIA-4-GANADORES-E-MENCOES-Foto-Paula-Carrubba-8513-682x1024.jpg 682w, https:\/\/festivaltaguatinga.com.br\/blog\/wp-content\/uploads\/2014\/05\/FESTIVAL-TAGUATINGA-DE-CINEMA-2014-DIA-4-GANADORES-E-MENCOES-Foto-Paula-Carrubba-8513-600x899.jpg 600w, https:\/\/festivaltaguatinga.com.br\/blog\/wp-content\/uploads\/2014\/05\/FESTIVAL-TAGUATINGA-DE-CINEMA-2014-DIA-4-GANADORES-E-MENCOES-Foto-Paula-Carrubba-8513.jpg 1067w\" sizes=\"auto, (max-width: 200px) 100vw, 200px\" \/><\/a><\/p>\n","protected":false},"excerpt":{"rendered":"<p>Pela fotografia e pela abordagem l\u00fadica de uma narrativa que tem como fio condutor uma linha que liga presente e passado atrav\u00e9s da mem\u00f3ria, a organiza\u00e7\u00e3o do festival concedeu Men\u00e7\u00e3o Honrosa ao filme Linha do mar, de Santa Catarina, dire\u00e7\u00e3o de Felipe Vernizzi. (* cr\u00e9dito da foto: Paula Carrubba)<\/p>\n","protected":false},"author":12,"featured_media":357,"comment_status":"closed","ping_status":"closed","sticky":false,"template":"","format":"standard","meta":{"footnotes":""},"categories":[5],"tags":[27],"class_list":["post-845","post","type-post","status-publish","format-standard","has-post-thumbnail","hentry","category-noticia","tag-noticia"],"_links":{"self":[{"href":"https:\/\/festivaltaguatinga.com.br\/blog\/wp-json\/wp\/v2\/posts\/845","targetHints":{"allow":["GET"]}}],"collection":[{"href":"https:\/\/festivaltaguatinga.com.br\/blog\/wp-json\/wp\/v2\/posts"}],"about":[{"href":"https:\/\/festivaltaguatinga.com.br\/blog\/wp-json\/wp\/v2\/types\/post"}],"author":[{"embeddable":true,"href":"https:\/\/festivaltaguatinga.com.br\/blog\/wp-json\/wp\/v2\/users\/12"}],"replies":[{"embeddable":true,"href":"https:\/\/festivaltaguatinga.com.br\/blog\/wp-json\/wp\/v2\/comments?post=845"}],"version-history":[{"count":2,"href":"https:\/\/festivaltaguatinga.com.br\/blog\/wp-json\/wp\/v2\/posts\/845\/revisions"}],"predecessor-version":[{"id":941,"href":"https:\/\/festivaltaguatinga.com.br\/blog\/wp-json\/wp\/v2\/posts\/845\/revisions\/941"}],"wp:featuredmedia":[{"embeddable":true,"href":"https:\/\/festivaltaguatinga.com.br\/blog\/wp-json\/wp\/v2\/media\/357"}],"wp:attachment":[{"href":"https:\/\/festivaltaguatinga.com.br\/blog\/wp-json\/wp\/v2\/media?parent=845"}],"wp:term":[{"taxonomy":"category","embeddable":true,"href":"https:\/\/festivaltaguatinga.com.br\/blog\/wp-json\/wp\/v2\/categories?post=845"},{"taxonomy":"post_tag","embeddable":true,"href":"https:\/\/festivaltaguatinga.com.br\/blog\/wp-json\/wp\/v2\/tags?post=845"}],"curies":[{"name":"wp","href":"https:\/\/api.w.org\/{rel}","templated":true}]}}