{"id":824,"date":"2014-04-30T11:47:31","date_gmt":"2014-04-30T14:47:31","guid":{"rendered":"http:\/\/festivaltaguatinga.com.br\/?p=824"},"modified":"2014-06-16T12:27:23","modified_gmt":"2014-06-16T15:27:23","slug":"entrevista-com-keila-serruya","status":"publish","type":"post","link":"https:\/\/festivaltaguatinga.com.br\/blog\/entrevista-com-keila-serruya\/","title":{"rendered":"ENTREVISTA COM KEILA SERRUYA"},"content":{"rendered":"<p>A diretora recebeu o pr\u00eamio de melhor filme na categoria cineclubista \u2013 conferido pela Uni\u00e3o dos Cineclubes do Distrito Federal e Entorno \u2013 UCDF. <a title=\"Nessa cidade todo mundo j\u00e1 bebeu na bica\" href=\"http:\/\/festivaltaguatinga.com.br\/festivalTagua\/11\/assista\/vote\/filme\/237\"><em>Nessa cidade todo mundo j\u00e1 bebeu na Bica<\/em><\/a>\u00a0conta hist\u00f3rias de carnaval da mais tradicional banda de carnaval de rua de Manaus, a Banda da BICA. O curta-metragem\u00a0apresenta depoimentos, v\u00eddeos e fotos relembrando a motiva\u00e7\u00e3o que criou a Banda e as suas irreverentes e cr\u00edticas marchinhas de carnaval. * Cr\u00e9dito da foto: Paula Carrubba.<\/p>\n<p><a href=\"http:\/\/festivaltaguatinga.com.br\/wp-content\/uploads\/2014\/04\/FESTIVAL-TAGUATINGA-DE-CINEMA-2014-DIA-4-GANADORES-E-MENCOES-Foto-Paula-Carrubba-8352.jpg\"><img loading=\"lazy\" decoding=\"async\" class=\"alignnone size-medium wp-image-825\" alt=\"11\u02da Festival Taguatinga de Cinema\" src=\"http:\/\/festivaltaguatinga.com.br\/wp-content\/uploads\/2014\/04\/FESTIVAL-TAGUATINGA-DE-CINEMA-2014-DIA-4-GANADORES-E-MENCOES-Foto-Paula-Carrubba-8352-200x300.jpg\" width=\"200\" height=\"300\" srcset=\"https:\/\/festivaltaguatinga.com.br\/blog\/wp-content\/uploads\/2014\/04\/FESTIVAL-TAGUATINGA-DE-CINEMA-2014-DIA-4-GANADORES-E-MENCOES-Foto-Paula-Carrubba-8352-200x300.jpg 200w, https:\/\/festivaltaguatinga.com.br\/blog\/wp-content\/uploads\/2014\/04\/FESTIVAL-TAGUATINGA-DE-CINEMA-2014-DIA-4-GANADORES-E-MENCOES-Foto-Paula-Carrubba-8352-682x1024.jpg 682w, https:\/\/festivaltaguatinga.com.br\/blog\/wp-content\/uploads\/2014\/04\/FESTIVAL-TAGUATINGA-DE-CINEMA-2014-DIA-4-GANADORES-E-MENCOES-Foto-Paula-Carrubba-8352-600x899.jpg 600w, https:\/\/festivaltaguatinga.com.br\/blog\/wp-content\/uploads\/2014\/04\/FESTIVAL-TAGUATINGA-DE-CINEMA-2014-DIA-4-GANADORES-E-MENCOES-Foto-Paula-Carrubba-8352.jpg 1067w\" sizes=\"auto, (max-width: 200px) 100vw, 200px\" \/><\/a><\/p>\n<p>O que significou participar do festival?<br \/>\nParticipar de um festival inteligente como esse \u00e9 extremamente importante para qualquer profissional do audiovisual nacional. Porque mesmo ele sendo pequeno, pensa na internet como plataforma de distribui\u00e7\u00e3o, esse \u00e9 um pensamento atual na constru\u00e7\u00e3o de festival que foca no independente e deixa espa\u00e7o para experimentos. O acesso \u00e9 outro ponto a ser citado, saber que seu filme ter\u00e1 uma oportunidade \u00edmpar de ser visto por surdos mudos \u00e9 bem animador para mim. Porque vejo as linguagens, produ\u00e7\u00f5es art\u00edsticas verdadeiras em geral, como ferramentas de mudan\u00e7a social, psicol\u00f3gica e de viv\u00eancia, est\u00e1 ligado diretamente a evolu\u00e7\u00e3o humana. E oferecer isso a todos, n\u00e3o tem pre\u00e7o.<\/p>\n<p>Esperava ser premiada?<br \/>\nClaro que n\u00e3o, nenhum diretor que promove obras constru\u00eddas visualmente e que tem narrativas n\u00e3o convencionais como as minhas, n\u00e3o pensa nunca em ganhar um pr\u00eamio. Antes de finalizar o curta, voc\u00ea j\u00e1 sabe que essa possibilidade \u00e9 muito remota. Os cineclubes s\u00e3o a resist\u00eancia e uma fonte importante para o escoamento das produ\u00e7\u00f5es independentes, acredito que por esse motivo aconteceu esse reconhecimento. Mas ainda me assusta esse papo de pr\u00eamio.<\/p>\n<p>Como voc\u00ea enxerga o Festival de Taguatinga de Cinema dentro do contexto nacional de festivais de cinema?<br \/>\nTemos muitos festivais grandes espalhados pelo Brasil, mas poucos pensam em novas formas de distribui\u00e7\u00e3o, alguns grandes, mesmo utilizando recursos p\u00fablicos n\u00e3o d\u00e3o acesso ao p\u00fablico e ainda por cima querem que seu filme seja in\u00e9dito no estado da realiza\u00e7\u00e3o do festival, isso n\u00e3o faz sentido nenhum, um pensamento elitista e desagregador. E essa ideia passa longe da constru\u00e7\u00e3o do Festival de Cinema de Taguatinga, me sinto muito feliz por ter participado. A \u00fanica coisa ruim do festival \u00e9 que ele deixa uma saudade, mas se eu n\u00e3o for na 12\u00ba edi\u00e7\u00e3o algu\u00e9m do norte vai, porque quando as inscri\u00e7\u00f5es, que \u00e9 t\u00e3o simples de ser realizada, abrirem novamente, serei a primeira espalhar a informa\u00e7\u00e3o por aqui.<\/p>\n","protected":false},"excerpt":{"rendered":"<p>A diretora recebeu o pr\u00eamio de melhor filme na categoria cineclubista \u2013 conferido pela Uni\u00e3o dos Cineclubes do Distrito Federal e Entorno \u2013 UCDF. Nessa cidade todo mundo j\u00e1 bebeu na Bica\u00a0conta hist\u00f3rias de carnaval da mais tradicional banda de carnaval de rua de Manaus, a Banda da BICA. O curta-metragem\u00a0apresenta depoimentos, v\u00eddeos e fotos [&hellip;]<\/p>\n","protected":false},"author":12,"featured_media":355,"comment_status":"closed","ping_status":"closed","sticky":false,"template":"","format":"standard","meta":{"footnotes":""},"categories":[5],"tags":[27],"class_list":["post-824","post","type-post","status-publish","format-standard","has-post-thumbnail","hentry","category-noticia","tag-noticia"],"_links":{"self":[{"href":"https:\/\/festivaltaguatinga.com.br\/blog\/wp-json\/wp\/v2\/posts\/824","targetHints":{"allow":["GET"]}}],"collection":[{"href":"https:\/\/festivaltaguatinga.com.br\/blog\/wp-json\/wp\/v2\/posts"}],"about":[{"href":"https:\/\/festivaltaguatinga.com.br\/blog\/wp-json\/wp\/v2\/types\/post"}],"author":[{"embeddable":true,"href":"https:\/\/festivaltaguatinga.com.br\/blog\/wp-json\/wp\/v2\/users\/12"}],"replies":[{"embeddable":true,"href":"https:\/\/festivaltaguatinga.com.br\/blog\/wp-json\/wp\/v2\/comments?post=824"}],"version-history":[{"count":4,"href":"https:\/\/festivaltaguatinga.com.br\/blog\/wp-json\/wp\/v2\/posts\/824\/revisions"}],"predecessor-version":[{"id":946,"href":"https:\/\/festivaltaguatinga.com.br\/blog\/wp-json\/wp\/v2\/posts\/824\/revisions\/946"}],"wp:featuredmedia":[{"embeddable":true,"href":"https:\/\/festivaltaguatinga.com.br\/blog\/wp-json\/wp\/v2\/media\/355"}],"wp:attachment":[{"href":"https:\/\/festivaltaguatinga.com.br\/blog\/wp-json\/wp\/v2\/media?parent=824"}],"wp:term":[{"taxonomy":"category","embeddable":true,"href":"https:\/\/festivaltaguatinga.com.br\/blog\/wp-json\/wp\/v2\/categories?post=824"},{"taxonomy":"post_tag","embeddable":true,"href":"https:\/\/festivaltaguatinga.com.br\/blog\/wp-json\/wp\/v2\/tags?post=824"}],"curies":[{"name":"wp","href":"https:\/\/api.w.org\/{rel}","templated":true}]}}