{"id":797,"date":"2014-04-26T10:32:47","date_gmt":"2014-04-26T13:32:47","guid":{"rendered":"http:\/\/festivaltaguatinga.com.br\/?p=797"},"modified":"2014-04-26T10:35:28","modified_gmt":"2014-04-26T13:35:28","slug":"hoje-e-dia-de-videoativismo","status":"publish","type":"post","link":"https:\/\/festivaltaguatinga.com.br\/blog\/hoje-e-dia-de-videoativismo\/","title":{"rendered":"HOJE \u00c9 DIA DE VIDEOATIVISMO"},"content":{"rendered":"<p>As manifesta\u00e7\u00f5es populares que tomaram conta das ruas brasileiras em 2013 jogaram luz em cima de um novo tipo de a\u00e7\u00e3o audiovisual. Munidos de equipamentos amadores, como celulares ou c\u00e2meras fotogr\u00e1ficas, pessoas que estavam ali (intencionalmente ou n\u00e3o), no calor dos acontecimentos, registraram diversos epis\u00f3dios ocorridos durante as passeatas que se espalharam pelo Brasil.<\/p>\n<p>Esses registros levantaram uma s\u00e9rie de quest\u00f5es. Seriam um novo tipo de jornalismo, livre de filia\u00e7\u00f5es pol\u00edticas ou restri\u00e7\u00f5es editoriais? Ou estariam eles t\u00e3o comprometidos ideologicamente e suscet\u00edveis a equ\u00edvocos e manipula\u00e7\u00f5es quanto a imprensa tradicional? O debate est\u00e1 na mesa.<\/p>\n<p>Algumas dessas produ\u00e7\u00f5es, feitas durante as manifesta\u00e7\u00f5es do ano passado, est\u00e3o no Festival Taguatinga de Cinema, dentro da programa\u00e7\u00e3o da Mostra Videoativismo, que ser\u00e1 realizada hoje, a partir das 16h30, no Teatro da Pra\u00e7a (Taguatinga). \u00c9 uma maneira do festival contribuir para a discuss\u00e3o, em especial, num ano de elei\u00e7\u00f5es e de Copa do Mundo no Brasil \u2013 evento que divide opini\u00f5es e cuja realiza\u00e7\u00e3o no pa\u00eds ser\u00e1 o gatilho para uma s\u00e9rie de manifesta\u00e7\u00f5es em 2014, mais uma vez levando milhares de pessoas \u00e0s ruas.<\/p>\n<p>Visite a p\u00e1gina <a href=\"http:\/\/festivaltaguatinga.com.br\/?page_id=290\">http:\/\/festivaltaguatinga.com.br\/?page_id=290<\/a>, confira a programa\u00e7\u00e3o da mostra e, prepara-se: o pr\u00f3ximo a fazer um desses registros pode ser voc\u00ea.<\/p>\n","protected":false},"excerpt":{"rendered":"<p>As manifesta\u00e7\u00f5es populares que tomaram conta das ruas brasileiras em 2013 jogaram luz em cima de um novo tipo de a\u00e7\u00e3o audiovisual. Munidos de equipamentos amadores, como celulares ou c\u00e2meras fotogr\u00e1ficas, pessoas que estavam ali (intencionalmente ou n\u00e3o), no calor dos acontecimentos, registraram diversos epis\u00f3dios ocorridos durante as passeatas que se espalharam pelo Brasil. Esses [&hellip;]<\/p>\n","protected":false},"author":12,"featured_media":356,"comment_status":"closed","ping_status":"closed","sticky":false,"template":"","format":"standard","meta":{"footnotes":""},"categories":[5],"tags":[27],"class_list":["post-797","post","type-post","status-publish","format-standard","has-post-thumbnail","hentry","category-noticia","tag-noticia"],"_links":{"self":[{"href":"https:\/\/festivaltaguatinga.com.br\/blog\/wp-json\/wp\/v2\/posts\/797","targetHints":{"allow":["GET"]}}],"collection":[{"href":"https:\/\/festivaltaguatinga.com.br\/blog\/wp-json\/wp\/v2\/posts"}],"about":[{"href":"https:\/\/festivaltaguatinga.com.br\/blog\/wp-json\/wp\/v2\/types\/post"}],"author":[{"embeddable":true,"href":"https:\/\/festivaltaguatinga.com.br\/blog\/wp-json\/wp\/v2\/users\/12"}],"replies":[{"embeddable":true,"href":"https:\/\/festivaltaguatinga.com.br\/blog\/wp-json\/wp\/v2\/comments?post=797"}],"version-history":[{"count":1,"href":"https:\/\/festivaltaguatinga.com.br\/blog\/wp-json\/wp\/v2\/posts\/797\/revisions"}],"predecessor-version":[{"id":798,"href":"https:\/\/festivaltaguatinga.com.br\/blog\/wp-json\/wp\/v2\/posts\/797\/revisions\/798"}],"wp:featuredmedia":[{"embeddable":true,"href":"https:\/\/festivaltaguatinga.com.br\/blog\/wp-json\/wp\/v2\/media\/356"}],"wp:attachment":[{"href":"https:\/\/festivaltaguatinga.com.br\/blog\/wp-json\/wp\/v2\/media?parent=797"}],"wp:term":[{"taxonomy":"category","embeddable":true,"href":"https:\/\/festivaltaguatinga.com.br\/blog\/wp-json\/wp\/v2\/categories?post=797"},{"taxonomy":"post_tag","embeddable":true,"href":"https:\/\/festivaltaguatinga.com.br\/blog\/wp-json\/wp\/v2\/tags?post=797"}],"curies":[{"name":"wp","href":"https:\/\/api.w.org\/{rel}","templated":true}]}}