{"id":790,"date":"2014-04-25T12:46:09","date_gmt":"2014-04-25T15:46:09","guid":{"rendered":"http:\/\/festivaltaguatinga.com.br\/?p=790"},"modified":"2014-06-16T13:37:39","modified_gmt":"2014-06-16T16:37:39","slug":"3o-dia-mostra-competitiva-urbanidades-poetica","status":"publish","type":"post","link":"https:\/\/festivaltaguatinga.com.br\/blog\/3o-dia-mostra-competitiva-urbanidades-poetica\/","title":{"rendered":"3\u00ba DIA: MOSTRA COMPETITIVA, URBANIDADES &#038; PO\u00c9TICA"},"content":{"rendered":"<p>Dois dias j\u00e1 foram, faltam mais dois. E muito cinema ainda vem pela frente. Hoje, al\u00e9m da mostra competitiva, teremos a <a title=\"Mostra Urbanidade e Po\u00e9tica\" href=\"http:\/\/festivaltaguatinga.com.br\/?page_id=287\">Mostra Urbanidades &amp; Po\u00e9tica<\/a>, com 10 filmes, \u00e0 partir das 16h30.<\/p>\n<p>Foram selecionados para a Mostra Urbanidades filmes que, de alguma forma, contemplam assuntos relativos ao viver na metr\u00f3pole ou seus arredores, e nos relacionamentos que essa din\u00e2mica implica \u2013 quest\u00f5es diversas como, por exemplo, mobilidade, arte, cultura, relacionamentos, urbanismo, etc. A Mostra Po\u00e9tica abre espa\u00e7o para v\u00eddeos com propostas mais experimentais e sensoriais.<\/p>\n<p><a href=\"http:\/\/festivaltaguatinga.com.br\/wp-content\/uploads\/2014\/04\/banner_25_04.jpg\"><img loading=\"lazy\" decoding=\"async\" class=\"alignnone size-medium wp-image-791\" alt=\"banner_25_04\" src=\"http:\/\/festivaltaguatinga.com.br\/wp-content\/uploads\/2014\/04\/banner_25_04-300x232.jpg\" width=\"300\" height=\"232\" srcset=\"https:\/\/festivaltaguatinga.com.br\/blog\/wp-content\/uploads\/2014\/04\/banner_25_04-300x232.jpg 300w, https:\/\/festivaltaguatinga.com.br\/blog\/wp-content\/uploads\/2014\/04\/banner_25_04-600x465.jpg 600w, https:\/\/festivaltaguatinga.com.br\/blog\/wp-content\/uploads\/2014\/04\/banner_25_04.jpg 800w\" sizes=\"auto, (max-width: 300px) 100vw, 300px\" \/><\/a><\/p>\n","protected":false},"excerpt":{"rendered":"<p>Dois dias j\u00e1 foram, faltam mais dois. E muito cinema ainda vem pela frente. Hoje, al\u00e9m da mostra competitiva, teremos a Mostra Urbanidades &amp; Po\u00e9tica, com 10 filmes, \u00e0 partir das 16h30. Foram selecionados para a Mostra Urbanidades filmes que, de alguma forma, contemplam assuntos relativos ao viver na metr\u00f3pole ou seus arredores, e nos [&hellip;]<\/p>\n","protected":false},"author":12,"featured_media":355,"comment_status":"closed","ping_status":"closed","sticky":false,"template":"","format":"standard","meta":{"footnotes":""},"categories":[5],"tags":[27],"class_list":["post-790","post","type-post","status-publish","format-standard","has-post-thumbnail","hentry","category-noticia","tag-noticia"],"_links":{"self":[{"href":"https:\/\/festivaltaguatinga.com.br\/blog\/wp-json\/wp\/v2\/posts\/790","targetHints":{"allow":["GET"]}}],"collection":[{"href":"https:\/\/festivaltaguatinga.com.br\/blog\/wp-json\/wp\/v2\/posts"}],"about":[{"href":"https:\/\/festivaltaguatinga.com.br\/blog\/wp-json\/wp\/v2\/types\/post"}],"author":[{"embeddable":true,"href":"https:\/\/festivaltaguatinga.com.br\/blog\/wp-json\/wp\/v2\/users\/12"}],"replies":[{"embeddable":true,"href":"https:\/\/festivaltaguatinga.com.br\/blog\/wp-json\/wp\/v2\/comments?post=790"}],"version-history":[{"count":2,"href":"https:\/\/festivaltaguatinga.com.br\/blog\/wp-json\/wp\/v2\/posts\/790\/revisions"}],"predecessor-version":[{"id":951,"href":"https:\/\/festivaltaguatinga.com.br\/blog\/wp-json\/wp\/v2\/posts\/790\/revisions\/951"}],"wp:featuredmedia":[{"embeddable":true,"href":"https:\/\/festivaltaguatinga.com.br\/blog\/wp-json\/wp\/v2\/media\/355"}],"wp:attachment":[{"href":"https:\/\/festivaltaguatinga.com.br\/blog\/wp-json\/wp\/v2\/media?parent=790"}],"wp:term":[{"taxonomy":"category","embeddable":true,"href":"https:\/\/festivaltaguatinga.com.br\/blog\/wp-json\/wp\/v2\/categories?post=790"},{"taxonomy":"post_tag","embeddable":true,"href":"https:\/\/festivaltaguatinga.com.br\/blog\/wp-json\/wp\/v2\/tags?post=790"}],"curies":[{"name":"wp","href":"https:\/\/api.w.org\/{rel}","templated":true}]}}