{"id":788,"date":"2014-04-25T12:18:36","date_gmt":"2014-04-25T15:18:36","guid":{"rendered":"http:\/\/festivaltaguatinga.com.br\/?p=788"},"modified":"2014-04-25T12:18:36","modified_gmt":"2014-04-25T15:18:36","slug":"cinema-rock-acao-confira-entrevista-com-o-musico-dillo","status":"publish","type":"post","link":"https:\/\/festivaltaguatinga.com.br\/blog\/cinema-rock-acao-confira-entrevista-com-o-musico-dillo\/","title":{"rendered":"CINEMA, ROCK, A\u00c7\u00c3O! CONFIRA ENTREVISTA COM O M\u00daSICO DILLO"},"content":{"rendered":"<p>Dillo \u00e9 brasiliense, cantor, compositor e multi-instrumentista. E uma das atra\u00e7\u00f5es da festa de encerramento do 11\u00ba Festival Taguatinga de Cinema (26 de abril). Conhe\u00e7a na entrevista abaixo um pouco mais sobre sua trajet\u00f3ria e uma pr\u00e9via do que deve rolar no show de s\u00e1bado.<\/p>\n<p><a href=\"http:\/\/festivaltaguatinga.com.br\/wp-content\/uploads\/2014\/04\/Dillo.jpg\"><img loading=\"lazy\" decoding=\"async\" class=\"alignnone size-medium wp-image-719\" alt=\"Dillo\" src=\"http:\/\/festivaltaguatinga.com.br\/wp-content\/uploads\/2014\/04\/Dillo-199x300.jpg\" width=\"199\" height=\"300\" srcset=\"https:\/\/festivaltaguatinga.com.br\/blog\/wp-content\/uploads\/2014\/04\/Dillo-199x300.jpg 199w, https:\/\/festivaltaguatinga.com.br\/blog\/wp-content\/uploads\/2014\/04\/Dillo-600x901.jpg 600w, https:\/\/festivaltaguatinga.com.br\/blog\/wp-content\/uploads\/2014\/04\/Dillo.jpg 639w\" sizes=\"auto, (max-width: 199px) 100vw, 199px\" \/><\/a><\/p>\n<p><span style=\"word-spacing: normal;\">Voc\u00ea ser\u00e1 uma das atra\u00e7\u00f5es da festa de encerramento do festival. J\u00e1 tocou alguma vez em um evento de cinema?<br \/>\n<\/span><span style=\"word-spacing: normal;\">Toquei no Festival de Cinema do Rio em 2009, numa tenda montada em Copacabana, mas foi um esquema pocket show num almo\u00e7o, dessa vez ser\u00e1 com banda, a\u00ed a coisa cresce.<\/span><\/p>\n<p>O que est\u00e1 preparando para a ocasi\u00e3o?<br \/>\nM\u00fasicas dos meus tr\u00eas \u00e1lbuns e uma canja no show do Blues Et\u00edlicos.<\/p>\n<p>Voc\u00ea j\u00e1 comp\u00f4s para cinema?<br \/>\nCompus para muitos v\u00eddeos nos \u00faltimos anos, mas posso destacar: <em>Para pedir perd\u00e3o<\/em>, vencedor do festival de Havana em 2011; <em>High School Musical<\/em>, da Disney, 2010, e, recentemente, para o longa <em>O \u00faltimo cine drive-in<\/em>, de Iber\u00ea Carvalho.<\/p>\n<p>Como voc\u00ea encara a produ\u00e7\u00e3o de m\u00fasica para cinema? Em que sentido a m\u00fasica para filmes \u00e9 pensada de forma diferente de uma composi\u00e7\u00e3o para ser tocada ao vivo ou registrada em disco?<br \/>\nCompor para imagens \u00e9 diferente do processo de autor, \u00e9 preciso diluir o ego e criar texturas para apoiar a narrativa psicol\u00f3gica dos personagens, e n\u00e3o fazer m\u00fasica em primeira pessoa, voc\u00ea est\u00e1 numa equipe para somar num resultado final. A diferen\u00e7a basicamente \u00e9 essa.<\/p>\n<p>O Festival Taguatinga de Cinema j\u00e1 \u00e9 um evento tradicional de Tagu\u00e1. Como figurinha carimbada da cidade, como voc\u00ea t\u00eam percebido a cena art\u00edstica de Taguatinga? Acha que ela tem uma cara pr\u00f3pria, que a diferencie do que \u00e9 feito em outros lugares do DF? Por que voc\u00ea acha que \u00e9 assim em Tagu\u00e1?<br \/>\nTaguatinga tem voca\u00e7\u00e3o art\u00edstica desde sua funda\u00e7\u00e3o, grandes atores, companhias de teatro, bloco carnavalesco, bandas e demais talentos se projetaram a partir da cidade, nos \u00faltimos anos houve uma diminui\u00e7\u00e3o, mas acredito que a retomada do fazer art\u00edstico na cidade est\u00e1 em ebuli\u00e7\u00e3o novamente.<\/p>\n","protected":false},"excerpt":{"rendered":"<p>Dillo \u00e9 brasiliense, cantor, compositor e multi-instrumentista. E uma das atra\u00e7\u00f5es da festa de encerramento do 11\u00ba Festival Taguatinga de Cinema (26 de abril). Conhe\u00e7a na entrevista abaixo um pouco mais sobre sua trajet\u00f3ria e uma pr\u00e9via do que deve rolar no show de s\u00e1bado. Voc\u00ea ser\u00e1 uma das atra\u00e7\u00f5es da festa de encerramento do [&hellip;]<\/p>\n","protected":false},"author":12,"featured_media":358,"comment_status":"closed","ping_status":"closed","sticky":false,"template":"","format":"standard","meta":{"footnotes":""},"categories":[5],"tags":[27],"class_list":["post-788","post","type-post","status-publish","format-standard","has-post-thumbnail","hentry","category-noticia","tag-noticia"],"_links":{"self":[{"href":"https:\/\/festivaltaguatinga.com.br\/blog\/wp-json\/wp\/v2\/posts\/788","targetHints":{"allow":["GET"]}}],"collection":[{"href":"https:\/\/festivaltaguatinga.com.br\/blog\/wp-json\/wp\/v2\/posts"}],"about":[{"href":"https:\/\/festivaltaguatinga.com.br\/blog\/wp-json\/wp\/v2\/types\/post"}],"author":[{"embeddable":true,"href":"https:\/\/festivaltaguatinga.com.br\/blog\/wp-json\/wp\/v2\/users\/12"}],"replies":[{"embeddable":true,"href":"https:\/\/festivaltaguatinga.com.br\/blog\/wp-json\/wp\/v2\/comments?post=788"}],"version-history":[{"count":1,"href":"https:\/\/festivaltaguatinga.com.br\/blog\/wp-json\/wp\/v2\/posts\/788\/revisions"}],"predecessor-version":[{"id":789,"href":"https:\/\/festivaltaguatinga.com.br\/blog\/wp-json\/wp\/v2\/posts\/788\/revisions\/789"}],"wp:featuredmedia":[{"embeddable":true,"href":"https:\/\/festivaltaguatinga.com.br\/blog\/wp-json\/wp\/v2\/media\/358"}],"wp:attachment":[{"href":"https:\/\/festivaltaguatinga.com.br\/blog\/wp-json\/wp\/v2\/media?parent=788"}],"wp:term":[{"taxonomy":"category","embeddable":true,"href":"https:\/\/festivaltaguatinga.com.br\/blog\/wp-json\/wp\/v2\/categories?post=788"},{"taxonomy":"post_tag","embeddable":true,"href":"https:\/\/festivaltaguatinga.com.br\/blog\/wp-json\/wp\/v2\/tags?post=788"}],"curies":[{"name":"wp","href":"https:\/\/api.w.org\/{rel}","templated":true}]}}