{"id":768,"date":"2014-04-24T10:45:39","date_gmt":"2014-04-24T13:45:39","guid":{"rendered":"http:\/\/festivaltaguatinga.com.br\/?p=768"},"modified":"2014-04-24T10:45:39","modified_gmt":"2014-04-24T13:45:39","slug":"passo-largo-rock-instrumental-e-um-pouco-mais","status":"publish","type":"post","link":"https:\/\/festivaltaguatinga.com.br\/blog\/passo-largo-rock-instrumental-e-um-pouco-mais\/","title":{"rendered":"PASSO LARGO: ROCK INSTRUMENTAL E UM POUCO MAIS"},"content":{"rendered":"<p>Confira a seguir uma entrevista com o m\u00fasico Vav\u00e1 Afiouni, baixista da banda Passo Largo. O grupo de rock instrumental, recente destaque na cena musical do Distrito Federal, ser\u00e1 uma das atra\u00e7\u00f5es da festa de encerramento do Festival Taguatinga de Cinema, em 26 de abril.<\/p>\n<p><a href=\"http:\/\/festivaltaguatinga.com.br\/wp-content\/uploads\/2014\/04\/Passo_Largo.jpg\"><img loading=\"lazy\" decoding=\"async\" class=\"alignnone size-medium wp-image-718\" alt=\"Passo_Largo\" src=\"http:\/\/festivaltaguatinga.com.br\/wp-content\/uploads\/2014\/04\/Passo_Largo-300x199.jpg\" width=\"300\" height=\"199\" srcset=\"https:\/\/festivaltaguatinga.com.br\/blog\/wp-content\/uploads\/2014\/04\/Passo_Largo-300x199.jpg 300w, https:\/\/festivaltaguatinga.com.br\/blog\/wp-content\/uploads\/2014\/04\/Passo_Largo.jpg 600w\" sizes=\"auto, (max-width: 300px) 100vw, 300px\" \/><\/a><\/p>\n<p>O Passo Largo ser\u00e1 uma das atra\u00e7\u00f5es da festa de encerramento do festival. J\u00e1 tocaram alguma vez em um evento de cinema? O que est\u00e3o preparando para a ocasi\u00e3o?<br \/>\nTocamos na abertura do 2\u00ba Festival Curtas Bras\u00edlia, no Cine Bras\u00edlia, em novembro do ano passado. Em 2012, tocamos no tradicional Festival Internacional de Cinema, por um projeto particular do Passo Largo chamado (In)vas\u00f5es, quando cheg\u00e1vamos de surpresa, com todo o equipamento e atac\u00e1vamos de repente, na ocasi\u00e3o \u201cinvadimos\u201d o Teatro Nacional, foi bem legal. Uma coisa bem legal \u00e9 que tanto no festival de curtas quanto no presente Festival de Tagu\u00e1, a trilha da vinheta \u00e9 de autoria do Passo Largo. Pra gente \u00e9 muito legal estar associado a outras linguagens art\u00edsticas e t\u00e3o bem representadas. Pra esse show, estamos preparando umas vers\u00f5es de trilhas marcantes, algumas m\u00fasicas do nosso primeiro disco e outras do disco que est\u00e1 em andamento, tudo bem pra frente com grooves alucinados.<\/p>\n<p>E por falar em cinema, as trilhas sonoras de filmes influenciam a m\u00fasica de voc\u00eas de alguma forma? Como? Quem s\u00e3o os seus \u201ctrilheiros\u201d favoritos?<br \/>\nCom certeza, o cinema \u00e9 algo muito grandioso para passar desapercebido. V\u00e1rios momentos e contextos ao longo da vida s\u00e3o marcados por filmes e suas m\u00fasicas. Gostamos de muita gente, no entanto, teve um cara, o Goran Bregovi\u0107, que se apresentou em Bras\u00edlia h\u00e1 um tempo e se mostrou simplesmente incr\u00edvel, o show parecia um filme do Kusturica.<\/p>\n<p>Vav\u00e1, voc\u00ea j\u00e1 comp\u00f4s para cinema, certo? Para quais filmes? Como voc\u00ea encara a produ\u00e7\u00e3o de m\u00fasica para cinema? Em que sentido a m\u00fasica para filmes \u00e9 pensada de forma diferente de uma composi\u00e7\u00e3o para ser tocada ao vivo ou registrada em disco?<br \/>\nGravei algumas m\u00fasicas para o filme <em>Procura-se<\/em>, de Iber\u00ea Carvalho, para um curta de anima\u00e7\u00e3o de Fernando Gutierrez, <em>Deveras Neios<\/em>, compus e fiz dire\u00e7\u00e3o musical para teatro tamb\u00e9m, pe\u00e7as de Joselito e Ricardo Guti, al\u00e9m de trilhas publicit\u00e1rias e document\u00e1rios. Acho que a trilha sonora para cinema coloca a m\u00fasica num novo plano, o m\u00fasico criador precisa olhar para a cena, entend\u00ea-la e transpor as informa\u00e7\u00f5es entre as linguagens, acho que isso abre os poros da sensibilidade art\u00edstica, \u00e9 um desafio, a m\u00fasica vai al\u00e9m do que voc\u00ea quer dizer, \u00e9 um lugar onde ela n\u00e3o fala s\u00f3, ela complementa, tem que saber se encaixar e enaltecer o conjunto da obra.<\/p>\n","protected":false},"excerpt":{"rendered":"<p>Confira a seguir uma entrevista com o m\u00fasico Vav\u00e1 Afiouni, baixista da banda Passo Largo. O grupo de rock instrumental, recente destaque na cena musical do Distrito Federal, ser\u00e1 uma das atra\u00e7\u00f5es da festa de encerramento do Festival Taguatinga de Cinema, em 26 de abril. O Passo Largo ser\u00e1 uma das atra\u00e7\u00f5es da festa de [&hellip;]<\/p>\n","protected":false},"author":12,"featured_media":355,"comment_status":"closed","ping_status":"closed","sticky":false,"template":"","format":"standard","meta":{"footnotes":""},"categories":[6],"tags":[27],"class_list":["post-768","post","type-post","status-publish","format-standard","has-post-thumbnail","hentry","category-oficinas","tag-noticia"],"_links":{"self":[{"href":"https:\/\/festivaltaguatinga.com.br\/blog\/wp-json\/wp\/v2\/posts\/768","targetHints":{"allow":["GET"]}}],"collection":[{"href":"https:\/\/festivaltaguatinga.com.br\/blog\/wp-json\/wp\/v2\/posts"}],"about":[{"href":"https:\/\/festivaltaguatinga.com.br\/blog\/wp-json\/wp\/v2\/types\/post"}],"author":[{"embeddable":true,"href":"https:\/\/festivaltaguatinga.com.br\/blog\/wp-json\/wp\/v2\/users\/12"}],"replies":[{"embeddable":true,"href":"https:\/\/festivaltaguatinga.com.br\/blog\/wp-json\/wp\/v2\/comments?post=768"}],"version-history":[{"count":1,"href":"https:\/\/festivaltaguatinga.com.br\/blog\/wp-json\/wp\/v2\/posts\/768\/revisions"}],"predecessor-version":[{"id":769,"href":"https:\/\/festivaltaguatinga.com.br\/blog\/wp-json\/wp\/v2\/posts\/768\/revisions\/769"}],"wp:featuredmedia":[{"embeddable":true,"href":"https:\/\/festivaltaguatinga.com.br\/blog\/wp-json\/wp\/v2\/media\/355"}],"wp:attachment":[{"href":"https:\/\/festivaltaguatinga.com.br\/blog\/wp-json\/wp\/v2\/media?parent=768"}],"wp:term":[{"taxonomy":"category","embeddable":true,"href":"https:\/\/festivaltaguatinga.com.br\/blog\/wp-json\/wp\/v2\/categories?post=768"},{"taxonomy":"post_tag","embeddable":true,"href":"https:\/\/festivaltaguatinga.com.br\/blog\/wp-json\/wp\/v2\/tags?post=768"}],"curies":[{"name":"wp","href":"https:\/\/api.w.org\/{rel}","templated":true}]}}