{"id":725,"date":"2014-04-22T11:32:30","date_gmt":"2014-04-22T14:32:30","guid":{"rendered":"http:\/\/festivaltaguatinga.com.br\/?p=725"},"modified":"2014-04-22T12:19:12","modified_gmt":"2014-04-22T15:19:12","slug":"mural-criado-especialmente-para-o-festival","status":"publish","type":"post","link":"https:\/\/festivaltaguatinga.com.br\/blog\/mural-criado-especialmente-para-o-festival\/","title":{"rendered":"MURAL CRIADO ESPECIALMENTE PARA O FESTIVAL"},"content":{"rendered":"<p>O artista e ilustrador Pedro Sangeon foi convidado pelo Festival Taguatinga de Cinema para criar um mural inspirado pelo tema cultura da paz, escolhido como o tema da edi\u00e7\u00e3o 2014 do evento. Confira abaixo as fotos dos bastidores feitas por Paula Carrubba da realiza\u00e7\u00e3o do mural e um relato de Pedro Sangeon sobre como foi seu processo criativo para a cria\u00e7\u00e3o desta obra:<\/p>\n<p>\u201cO mural foi pensado a partir do tema do festival, que prop\u00f5e a Cultura de Paz, somado a uma tirinha antiga do Gurulino, que trata da ideia de \u2018lermos a n\u00f3s mesmos\u2019 como m\u00e9todo de fomentar a paz. Muitas vezes na minha ilustra\u00e7\u00e3o fa\u00e7o uso de textos, mas nunca com a inten\u00e7\u00e3o de determinar a leitura do espectador. Todo o texto \u00e9 meticulosamente elaborado para que seja um multiplicador da imagem.<\/p>\n<p>A cultura de paz, seja em qualquer \u00e2mbito, \u00e9 uma necessidade social e tamb\u00e9m uma necessidade individual. Cada pessoa poderia usar parte do seu tempo para cultivar a paz, n\u00e3o somente para pensar em paz, mas para criar um ambiente calmo de fato, um estado pac\u00edfico em si, pois \u00e9 nesse ambiente amig\u00e1vel que brota a cultura da paz.<\/p>\n<p>O mural trata disso, aponta para uma outra leitura do que est\u00e1 ao nosso alcance e que atrav\u00e9s dela podemos encontrar uma for\u00e7a gigante de paz.<\/p>\n<p>Lendo a si mesmo, contemplando a si mesmo, dando aten\u00e7\u00e3o a si mesmo, podemos criar um ambiente pac\u00edfico dentro de n\u00f3s e, pouco a pouco, dispon\u00edvel para compartilhar com o mundo.\u201d<\/p>\n<p><a href=\"http:\/\/festivaltaguatinga.com.br\/wp-content\/uploads\/2014\/04\/Festival-Taguatinga-de-Cinema-2014-Muro-Pedro-Sangeon-Foto-Paula-Carrubba-5305.jpg\"><img loading=\"lazy\" decoding=\"async\" class=\"alignnone size-medium wp-image-726\" alt=\"Festival Taguatinga de Cinema 2014 -  Muro Pedro Sangeon - Foto- Paula Carrubba-5305\" src=\"http:\/\/festivaltaguatinga.com.br\/wp-content\/uploads\/2014\/04\/Festival-Taguatinga-de-Cinema-2014-Muro-Pedro-Sangeon-Foto-Paula-Carrubba-5305-300x200.jpg\" width=\"300\" height=\"200\" srcset=\"https:\/\/festivaltaguatinga.com.br\/blog\/wp-content\/uploads\/2014\/04\/Festival-Taguatinga-de-Cinema-2014-Muro-Pedro-Sangeon-Foto-Paula-Carrubba-5305-300x200.jpg 300w, https:\/\/festivaltaguatinga.com.br\/blog\/wp-content\/uploads\/2014\/04\/Festival-Taguatinga-de-Cinema-2014-Muro-Pedro-Sangeon-Foto-Paula-Carrubba-5305-1024x682.jpg 1024w, https:\/\/festivaltaguatinga.com.br\/blog\/wp-content\/uploads\/2014\/04\/Festival-Taguatinga-de-Cinema-2014-Muro-Pedro-Sangeon-Foto-Paula-Carrubba-5305-600x400.jpg 600w, https:\/\/festivaltaguatinga.com.br\/blog\/wp-content\/uploads\/2014\/04\/Festival-Taguatinga-de-Cinema-2014-Muro-Pedro-Sangeon-Foto-Paula-Carrubba-5305.jpg 1950w\" sizes=\"auto, (max-width: 300px) 100vw, 300px\" \/><\/a><\/p>\n<p><a href=\"http:\/\/festivaltaguatinga.com.br\/wp-content\/uploads\/2014\/04\/Festival-Taguatinga-de-Cinema-2014-Muro-Pedro-Sangeon-Foto-Paula-Carrubba-5322.jpg\"><img loading=\"lazy\" decoding=\"async\" class=\"alignnone size-medium wp-image-727\" alt=\"Festival Taguatinga de Cinema 2014 -  Muro Pedro Sangeon - Foto- Paula Carrubba-5322\" src=\"http:\/\/festivaltaguatinga.com.br\/wp-content\/uploads\/2014\/04\/Festival-Taguatinga-de-Cinema-2014-Muro-Pedro-Sangeon-Foto-Paula-Carrubba-5322-300x223.jpg\" width=\"300\" height=\"223\" srcset=\"https:\/\/festivaltaguatinga.com.br\/blog\/wp-content\/uploads\/2014\/04\/Festival-Taguatinga-de-Cinema-2014-Muro-Pedro-Sangeon-Foto-Paula-Carrubba-5322-300x223.jpg 300w, https:\/\/festivaltaguatinga.com.br\/blog\/wp-content\/uploads\/2014\/04\/Festival-Taguatinga-de-Cinema-2014-Muro-Pedro-Sangeon-Foto-Paula-Carrubba-5322-1024x764.jpg 1024w, https:\/\/festivaltaguatinga.com.br\/blog\/wp-content\/uploads\/2014\/04\/Festival-Taguatinga-de-Cinema-2014-Muro-Pedro-Sangeon-Foto-Paula-Carrubba-5322-600x447.jpg 600w, https:\/\/festivaltaguatinga.com.br\/blog\/wp-content\/uploads\/2014\/04\/Festival-Taguatinga-de-Cinema-2014-Muro-Pedro-Sangeon-Foto-Paula-Carrubba-5322.jpg 1300w\" sizes=\"auto, (max-width: 300px) 100vw, 300px\" \/><\/a><\/p>\n<p><a href=\"http:\/\/festivaltaguatinga.com.br\/wp-content\/uploads\/2014\/04\/Festival-Taguatinga-de-Cinema-2014-Muro-Pedro-Sangeon-Foto-Paula-Carrubba-5372.jpg\"><img loading=\"lazy\" decoding=\"async\" class=\"alignnone size-medium wp-image-728\" alt=\"Festival Taguatinga de Cinema 2014 -  Muro Pedro Sangeon - Foto- Paula Carrubba-5372\" src=\"http:\/\/festivaltaguatinga.com.br\/wp-content\/uploads\/2014\/04\/Festival-Taguatinga-de-Cinema-2014-Muro-Pedro-Sangeon-Foto-Paula-Carrubba-5372-300x200.jpg\" width=\"300\" height=\"200\" srcset=\"https:\/\/festivaltaguatinga.com.br\/blog\/wp-content\/uploads\/2014\/04\/Festival-Taguatinga-de-Cinema-2014-Muro-Pedro-Sangeon-Foto-Paula-Carrubba-5372-300x200.jpg 300w, https:\/\/festivaltaguatinga.com.br\/blog\/wp-content\/uploads\/2014\/04\/Festival-Taguatinga-de-Cinema-2014-Muro-Pedro-Sangeon-Foto-Paula-Carrubba-5372-1024x682.jpg 1024w, https:\/\/festivaltaguatinga.com.br\/blog\/wp-content\/uploads\/2014\/04\/Festival-Taguatinga-de-Cinema-2014-Muro-Pedro-Sangeon-Foto-Paula-Carrubba-5372-600x400.jpg 600w, https:\/\/festivaltaguatinga.com.br\/blog\/wp-content\/uploads\/2014\/04\/Festival-Taguatinga-de-Cinema-2014-Muro-Pedro-Sangeon-Foto-Paula-Carrubba-5372.jpg 1300w\" sizes=\"auto, (max-width: 300px) 100vw, 300px\" \/><\/a><\/p>\n<p><a href=\"http:\/\/festivaltaguatinga.com.br\/wp-content\/uploads\/2014\/04\/Festival-Taguatinga-de-Cinema-2014-Muro-Pedro-Sangeon-Foto-Paula-Carrubba-5469.jpg\"><img loading=\"lazy\" decoding=\"async\" class=\"alignnone size-medium wp-image-731\" alt=\"Festival Taguatinga de Cinema 2014 -  Muro Pedro Sangeon - Foto- Paula Carrubba-5469\" src=\"http:\/\/festivaltaguatinga.com.br\/wp-content\/uploads\/2014\/04\/Festival-Taguatinga-de-Cinema-2014-Muro-Pedro-Sangeon-Foto-Paula-Carrubba-5469-300x200.jpg\" width=\"300\" height=\"200\" srcset=\"https:\/\/festivaltaguatinga.com.br\/blog\/wp-content\/uploads\/2014\/04\/Festival-Taguatinga-de-Cinema-2014-Muro-Pedro-Sangeon-Foto-Paula-Carrubba-5469-300x200.jpg 300w, https:\/\/festivaltaguatinga.com.br\/blog\/wp-content\/uploads\/2014\/04\/Festival-Taguatinga-de-Cinema-2014-Muro-Pedro-Sangeon-Foto-Paula-Carrubba-5469-1024x682.jpg 1024w, https:\/\/festivaltaguatinga.com.br\/blog\/wp-content\/uploads\/2014\/04\/Festival-Taguatinga-de-Cinema-2014-Muro-Pedro-Sangeon-Foto-Paula-Carrubba-5469-600x400.jpg 600w, https:\/\/festivaltaguatinga.com.br\/blog\/wp-content\/uploads\/2014\/04\/Festival-Taguatinga-de-Cinema-2014-Muro-Pedro-Sangeon-Foto-Paula-Carrubba-5469.jpg 1300w\" sizes=\"auto, (max-width: 300px) 100vw, 300px\" \/><\/a><\/p>\n<p>&nbsp;<\/p>\n<p>&nbsp;<\/p>\n<p>&nbsp;<\/p>\n","protected":false},"excerpt":{"rendered":"<p>O artista e ilustrador Pedro Sangeon foi convidado pelo Festival Taguatinga de Cinema para criar um mural inspirado pelo tema cultura da paz, escolhido como o tema da edi\u00e7\u00e3o 2014 do evento. Confira abaixo as fotos dos bastidores feitas por Paula Carrubba da realiza\u00e7\u00e3o do mural e um relato de Pedro Sangeon sobre como foi [&hellip;]<\/p>\n","protected":false},"author":12,"featured_media":357,"comment_status":"closed","ping_status":"closed","sticky":false,"template":"","format":"standard","meta":{"footnotes":""},"categories":[5],"tags":[27],"class_list":["post-725","post","type-post","status-publish","format-standard","has-post-thumbnail","hentry","category-noticia","tag-noticia"],"_links":{"self":[{"href":"https:\/\/festivaltaguatinga.com.br\/blog\/wp-json\/wp\/v2\/posts\/725","targetHints":{"allow":["GET"]}}],"collection":[{"href":"https:\/\/festivaltaguatinga.com.br\/blog\/wp-json\/wp\/v2\/posts"}],"about":[{"href":"https:\/\/festivaltaguatinga.com.br\/blog\/wp-json\/wp\/v2\/types\/post"}],"author":[{"embeddable":true,"href":"https:\/\/festivaltaguatinga.com.br\/blog\/wp-json\/wp\/v2\/users\/12"}],"replies":[{"embeddable":true,"href":"https:\/\/festivaltaguatinga.com.br\/blog\/wp-json\/wp\/v2\/comments?post=725"}],"version-history":[{"count":3,"href":"https:\/\/festivaltaguatinga.com.br\/blog\/wp-json\/wp\/v2\/posts\/725\/revisions"}],"predecessor-version":[{"id":735,"href":"https:\/\/festivaltaguatinga.com.br\/blog\/wp-json\/wp\/v2\/posts\/725\/revisions\/735"}],"wp:featuredmedia":[{"embeddable":true,"href":"https:\/\/festivaltaguatinga.com.br\/blog\/wp-json\/wp\/v2\/media\/357"}],"wp:attachment":[{"href":"https:\/\/festivaltaguatinga.com.br\/blog\/wp-json\/wp\/v2\/media?parent=725"}],"wp:term":[{"taxonomy":"category","embeddable":true,"href":"https:\/\/festivaltaguatinga.com.br\/blog\/wp-json\/wp\/v2\/categories?post=725"},{"taxonomy":"post_tag","embeddable":true,"href":"https:\/\/festivaltaguatinga.com.br\/blog\/wp-json\/wp\/v2\/tags?post=725"}],"curies":[{"name":"wp","href":"https:\/\/api.w.org\/{rel}","templated":true}]}}