{"id":624,"date":"2014-04-15T09:48:29","date_gmt":"2014-04-15T12:48:29","guid":{"rendered":"http:\/\/festivaltaguatinga.com.br\/?p=624"},"modified":"2014-06-16T13:50:57","modified_gmt":"2014-06-16T16:50:57","slug":"vencedores-da-edicoes-2012-comentam-a-experiencia","status":"publish","type":"post","link":"https:\/\/festivaltaguatinga.com.br\/blog\/vencedores-da-edicoes-2012-comentam-a-experiencia\/","title":{"rendered":"Vencedores da edi\u00e7\u00f5es 2012 comentam a experi\u00eancia"},"content":{"rendered":"<p><span style=\"word-spacing: normal;\">Participar do Festival Taguatinga de Cinema proporciona para diretores e equipe uma viv\u00eancia especial, tanto pessoal quanto profissionalmente \u2013 al\u00e9m, \u00e9 claro, da possibilidade de divulgar seus filmes para um n\u00famero expressivo de pessoas. Na edi\u00e7\u00e3o de 2012, Fabr\u00edcio Cezar, diretor de <a title=\"P\u00e1ssaro\" href=\"https:\/\/www.youtube.com\/watch?v=i6h_Gycx9zM\"><em>P\u00e1ssaro preso<\/em><\/a>, e Ramon Navarro, de <a title=\"Perf\u00eddia\" href=\"https:\/\/www.youtube.com\/watch?v=A4lXlz54JcM\"><em>Perf\u00eddia<\/em><\/a>, foram contemplados pela escolha do p\u00fablico. Nos depoimentos a seguir, eles comentam sua passagem pelo Festival Taguatinga de Cinema.<\/span><\/p>\n<p>Fabr\u00edcio Cezar:<br \/>\nFui apresentado ao Festival Taguatinga de Cinema por amigos que trabalham no Canal E, produtora da Secretaria de Estado de Educa\u00e7\u00e3o do Distrito Federal cuja produ\u00e7\u00e3o \u00e9 voltada para temas ligados \u00e0 educa\u00e7\u00e3o e cultura. Ao tomarem conhecimento do meu curta, P\u00e1ssaro preso, na \u00e9poca em fase final de produ\u00e7\u00e3o na Pol\u00f4nia, eles entraram em contato comigo e sugeriram a inscri\u00e7\u00e3o do filme.<\/p>\n<p>De inicio, n\u00e3o compreendi muito bem a proposta, mas ao ler sobre o festival e o tema abordado naquele ano, percebi que o conceito que utilizei nessa produ\u00e7\u00e3o ia totalmente de encontro com o que estava sendo proposto pela organiza\u00e7\u00e3o. O filme \u00e9 uma homenagem ao profeta Gentileza focando em conv\u00edvio social, ecologia e humaniza\u00e7\u00e3o. Como estaria no Brasil na \u00e9poca do festival achei que seria interessante participar. S\u00f3 n\u00e3o esperava que o filme fosse premiado.<\/p>\n<p>Participar foi bem legal. Todas as interven\u00e7\u00f5es propostas, os filmes interessantes e a atmosfera em prol do social fizeram com que o evento transbordasse um clima amistoso e agregador. Acabei fazendo algumas amizades que resultaram em parcerias em outros trabalhos que realizei quando estava em Bras\u00edlia. Em um contexto geral, fiquei muito satisfeito.<\/p>\n<p>A vit\u00f3ria deu ao meu curta um pouco mais de visibilidade. Apesar de ter sido apresentado no Brasil apenas neste festival, gerou curiosidade em outras mostras pela Europa.<\/p>\n<p>Ramon Navarro:<br \/>\nEu soube do festival atrav\u00e9s dos links de festivais de curtas-metragens. Eu estava na Republica Dominicana quando recebi a noticia de que Perf\u00eddia havia ganhado o premio no Festival de Taguatinga. N\u00e3o pude comparecer \u00e0 cerimonia de entrega do pr\u00eamio. Quando retornei ao Brasil, a atriz do filme, Renata Cardoso, foi at\u00e9 a minha casa levar o trof\u00e9u.<\/p>\n<p>Fiquei muito feliz e orgulhoso, pois n\u00e3o era simplesmente um trof\u00e9u, eu havia sido premiado por um festival consagrado e respeitado, que valoriza a produ\u00e7\u00e3o cinematogr\u00e1fica independente no Brasil.<\/p>\n<p>Hoje este trof\u00e9u est\u00e1 junto de outros pr\u00eamios, mas tem um valor maior, pois \u00e9 um filme que foi gerado por uma equipe maravilhosa. A vit\u00f3ria de Perf\u00eddia \u00e9 tamb\u00e9m uma vit\u00f3ria de todos os brasileiros, principalmente dos brasilienses, j\u00e1 que o filme foi feito em Bras\u00edlia. Isto prova a qualidade do cinema brasileiro, mostra que ele tem enorme potencial e pode tratar de todos os assuntos, desde ditadura, pol\u00edcia corrupta e literatura, at\u00e9 temas mais \u00e1cidos e pol\u00eamicos.<\/p>\n","protected":false},"excerpt":{"rendered":"<p>Participar do Festival Taguatinga de Cinema proporciona para diretores e equipe uma viv\u00eancia especial, tanto pessoal quanto profissionalmente \u2013 al\u00e9m, \u00e9 claro, da possibilidade de divulgar seus filmes para um n\u00famero expressivo de pessoas. Na edi\u00e7\u00e3o de 2012, Fabr\u00edcio Cezar, diretor de P\u00e1ssaro preso, e Ramon Navarro, de Perf\u00eddia, foram contemplados pela escolha do p\u00fablico. [&hellip;]<\/p>\n","protected":false},"author":12,"featured_media":356,"comment_status":"closed","ping_status":"closed","sticky":false,"template":"","format":"standard","meta":{"footnotes":""},"categories":[5],"tags":[27],"class_list":["post-624","post","type-post","status-publish","format-standard","has-post-thumbnail","hentry","category-noticia","tag-noticia"],"_links":{"self":[{"href":"https:\/\/festivaltaguatinga.com.br\/blog\/wp-json\/wp\/v2\/posts\/624","targetHints":{"allow":["GET"]}}],"collection":[{"href":"https:\/\/festivaltaguatinga.com.br\/blog\/wp-json\/wp\/v2\/posts"}],"about":[{"href":"https:\/\/festivaltaguatinga.com.br\/blog\/wp-json\/wp\/v2\/types\/post"}],"author":[{"embeddable":true,"href":"https:\/\/festivaltaguatinga.com.br\/blog\/wp-json\/wp\/v2\/users\/12"}],"replies":[{"embeddable":true,"href":"https:\/\/festivaltaguatinga.com.br\/blog\/wp-json\/wp\/v2\/comments?post=624"}],"version-history":[{"count":2,"href":"https:\/\/festivaltaguatinga.com.br\/blog\/wp-json\/wp\/v2\/posts\/624\/revisions"}],"predecessor-version":[{"id":956,"href":"https:\/\/festivaltaguatinga.com.br\/blog\/wp-json\/wp\/v2\/posts\/624\/revisions\/956"}],"wp:featuredmedia":[{"embeddable":true,"href":"https:\/\/festivaltaguatinga.com.br\/blog\/wp-json\/wp\/v2\/media\/356"}],"wp:attachment":[{"href":"https:\/\/festivaltaguatinga.com.br\/blog\/wp-json\/wp\/v2\/media?parent=624"}],"wp:term":[{"taxonomy":"category","embeddable":true,"href":"https:\/\/festivaltaguatinga.com.br\/blog\/wp-json\/wp\/v2\/categories?post=624"},{"taxonomy":"post_tag","embeddable":true,"href":"https:\/\/festivaltaguatinga.com.br\/blog\/wp-json\/wp\/v2\/tags?post=624"}],"curies":[{"name":"wp","href":"https:\/\/api.w.org\/{rel}","templated":true}]}}