{"id":602,"date":"2014-04-12T16:27:48","date_gmt":"2014-04-12T19:27:48","guid":{"rendered":"http:\/\/festivaltaguatinga.com.br\/?p=602"},"modified":"2014-06-16T13:56:08","modified_gmt":"2014-06-16T16:56:08","slug":"entrevista-com-os-participantes-da-mostra-competitiva-parte-2","status":"publish","type":"post","link":"https:\/\/festivaltaguatinga.com.br\/blog\/entrevista-com-os-participantes-da-mostra-competitiva-parte-2\/","title":{"rendered":"Entrevista com os participantes da Mostra Competitiva (parte 2)"},"content":{"rendered":"<p>Hoje publicamos as entrevistas com os realizadores que participam da mostra competitiva nos dias 25 e 26 de abril.<\/p>\n<p><span style=\"word-spacing: normal;\">Juliana Sanson de Oliveira, diretora de <a title=\"Cora\u00e7\u00e3o Magoado\" href=\"http:\/\/festivaltaguatinga.com.br\/festivalTagua\/11\/assista\/vote\/filme\/180\"><em>Cora\u00e7\u00e3o magoado<\/em><\/a>\u00a0<\/span><\/p>\n<p><a href=\"http:\/\/festivaltaguatinga.com.br\/wp-content\/uploads\/2014\/04\/Juliana_Sanson.jpg\"><img loading=\"lazy\" decoding=\"async\" class=\"alignnone size-medium wp-image-603\" alt=\"Juliana_Sanson\" src=\"http:\/\/festivaltaguatinga.com.br\/wp-content\/uploads\/2014\/04\/Juliana_Sanson-300x283.jpg\" width=\"300\" height=\"283\" srcset=\"https:\/\/festivaltaguatinga.com.br\/blog\/wp-content\/uploads\/2014\/04\/Juliana_Sanson-300x283.jpg 300w, https:\/\/festivaltaguatinga.com.br\/blog\/wp-content\/uploads\/2014\/04\/Juliana_Sanson-1024x967.jpg 1024w, https:\/\/festivaltaguatinga.com.br\/blog\/wp-content\/uploads\/2014\/04\/Juliana_Sanson-600x566.jpg 600w\" sizes=\"auto, (max-width: 300px) 100vw, 300px\" \/><\/a><\/p>\n<p>Como voc\u00ea apresenta o seu curta-metragem?<br \/>\n<em>Cora\u00e7\u00e3o magoado<\/em> \u00e9 um filme que fala um pouco sobre o universo feminino, talvez sobre um aspecto mais sombrio desse universo que tamb\u00e9m ultrapassa as fronteiras de g\u00eaneros, pois diz respeito aos desafios de supera\u00e7\u00e3o de nossas dores e frustra\u00e7\u00f5es.<br \/>\nToca tamb\u00e9m em temas como a obsess\u00e3o e a busca da retomada do controle da pr\u00f3pria vida emocional de uma maneira um pouco inusitada e, at\u00e9 mesmo, s\u00e1dica.<\/p>\n<p>O tema do Festival Taguatinga de Cinema deste ano \u00e9 \u201ccultura da paz\u201c. Como voc\u00ea acha que o seu curta dialoga com esse tema?<br \/>\nTalvez dialogue em um sentido mais sutil, menos direto ou \u00f3bvio, se pensarmos na busca da personagem principal do filme que \u00e9 uma busca pela sua pr\u00f3pria paz interior. Sob esse aspecto, toda cultura da paz deve come\u00e7ar no equil\u00edbrio individual, na predisposi\u00e7\u00e3o de viver em paz consigo mesmo e, depois, com nossos pares e nosso entorno.<\/p>\n<p>O seu curta j\u00e1 participou de outros festivais? J\u00e1 foi premiado?<br \/>\n<em>Cora\u00e7\u00e3o magoado<\/em> recebeu o Pr\u00eamio do P\u00fablico no Festival Pampifitas, em Portugal, e foi selecionado para os seguintes festivais: 7\u00ba Cine BH, 2\u00ba Curta Bras\u00edlia, 3\u00ba Maca\u00e9 Cine, 1\u00ba Pampifitas &#8211; Pampilhosa\/Portugal, 11\u00ba Festival Taguatinga de Cinema e 2\u00ba Vercine &#8211; Festival de Cinema Brasileiro da Baixada Fluminense.<\/p>\n<p>Para voc\u00ea, o que significa participar do Festival Taguatinga de Cinema?<br \/>\nCada festival \u00e9 uma conquista para qualquer filme, pois \u00e9 uma das maneiras mais lindas do realizador poder mostrar o seu trabalho. \u00c9 o momento em que podemos sentir o retorno do p\u00fablico e abrir o di\u00e1logo sobre nossas ideias e produ\u00e7\u00f5es. O Festival Taguatinga parece ampliar e expandir esse momento por se tratar de um festival consolidado e que se prop\u00f5e a estimular a troca entre realizadores e a aproxima\u00e7\u00e3o do p\u00fablico com toda essa produ\u00e7\u00e3o. Particularmente, estou animada e emocionada por poder mostrar o Cora\u00e7\u00e3o magoado em um festival que demonstra tamanho respeito e paix\u00e3o pelo cinema.<\/p>\n<p>Dannyel Leite, diretor de <a title=\"O analisando e a coruja\" href=\"http:\/\/festivaltaguatinga.com.br\/festivalTagua\/11\/assista\/vote\/filme\/193\"><em>O analisando e a coruja<\/em><\/a><\/p>\n<p><a href=\"http:\/\/festivaltaguatinga.com.br\/wp-content\/uploads\/2014\/04\/Dannyel_Leite2.jpg\"><img loading=\"lazy\" decoding=\"async\" class=\"alignnone size-medium wp-image-610\" alt=\"Dannyel_Leite2\" src=\"http:\/\/festivaltaguatinga.com.br\/wp-content\/uploads\/2014\/04\/Dannyel_Leite2-300x168.jpg\" width=\"300\" height=\"168\" srcset=\"https:\/\/festivaltaguatinga.com.br\/blog\/wp-content\/uploads\/2014\/04\/Dannyel_Leite2-300x168.jpg 300w, https:\/\/festivaltaguatinga.com.br\/blog\/wp-content\/uploads\/2014\/04\/Dannyel_Leite2.jpg 450w\" sizes=\"auto, (max-width: 300px) 100vw, 300px\" \/><\/a><\/p>\n<p>Como voc\u00ea apresenta o seu curta-metragem?<br \/>\n<em>O analisando e a coruja<\/em> \u00e9 uma hist\u00f3ria de perda, supera\u00e7\u00e3o e coragem de uma mulher que passa por uma das piores experi\u00eancias que podem existir para uma pessoa: perder o \u00fanico filho e o marido.<\/p>\n<p>O tema do Festival Taguatinga de Cinema deste ano \u00e9 \u201ccultura da paz\u201c. Como voc\u00ea acha que o seu curta dialoga com esse tema?<br \/>\nAcredito que o filme dialoga com o tema do festival no sentido de mostrar, por meio da personagem Ant\u00f4nia, um pequeno retrato da busca permanente da solu\u00e7\u00e3o de conflitos pelo di\u00e1logo. No caso do <em>O analisando e a coruja<\/em> s\u00e3o os conflitos internos da personagem, sua dor e sua falta de motiva\u00e7\u00e3o para continuar vivendo. E \u00e9 no processo de an\u00e1lise que ela busca san\u00e1-los.<\/p>\n<p>O curta j\u00e1 participou de outros festivais (caso sim, quais)? J\u00e1 foi premiado?<br \/>\nN\u00e3o.<\/p>\n<p>Para voc\u00ea, o que significa participar do Festival Taguatinga de Cinema?<br \/>\nParticipar do festival \u00e9 uma grande alegria e oportunidade. Alegria porque, para um realizador de qualquer tipo de arte, \u00e9 imensamente gratificante poder mostrar seu trabalho para um n\u00famero grande de pessoas, e \u00e9 uma grande oportunidade de conhecer outros realizadores, trocar experi\u00eancias, informa\u00e7\u00f5es e conhecimento.<\/p>\n<p>Evandro Manchini, diretor de <a title=\"Obrigado por me deixar assim\" href=\"http:\/\/festivaltaguatinga.com.br\/festivalTagua\/11\/assista\/vote\/filme\/216\"><em>Obrigado por me deixar assim<\/em><\/a><\/p>\n<p><a href=\"http:\/\/festivaltaguatinga.com.br\/wp-content\/uploads\/2014\/04\/Evandro_Manchini.jpeg\"><img loading=\"lazy\" decoding=\"async\" class=\"alignnone size-medium wp-image-604\" alt=\"Evandro_Manchini\" src=\"http:\/\/festivaltaguatinga.com.br\/wp-content\/uploads\/2014\/04\/Evandro_Manchini-200x300.jpeg\" width=\"200\" height=\"300\" srcset=\"https:\/\/festivaltaguatinga.com.br\/blog\/wp-content\/uploads\/2014\/04\/Evandro_Manchini-200x300.jpeg 200w, https:\/\/festivaltaguatinga.com.br\/blog\/wp-content\/uploads\/2014\/04\/Evandro_Manchini.jpeg 600w\" sizes=\"auto, (max-width: 200px) 100vw, 200px\" \/><\/a><\/p>\n<p>Como voc\u00ea apresenta o seu curta-metragem?<br \/>\n<em>Obrigada por me deixar assim<\/em> conta a hist\u00f3ria de Clara Brum, uma cineasta em ascens\u00e3o que, ao deparar-se com o primeiro curta-metragem de um estudante de cinema, come\u00e7a a refletir sobre si mesma. Por apresentar uma narrativa bem contemplativa, que mistura os universos particulares das personagens, o espectador \u00e9 convidado a completar \u2013 com sua pr\u00f3pria subjetividade \u2013 as arestas que ficam abertas na trama.<\/p>\n<p>O tema do Festival Taguatinga de Cinema deste ano \u00e9 \u201ccultura da paz\u201c. Como voc\u00ea acha que o seu curta dialoga com esse tema?<br \/>\nGosto muito do tema, principalmente pelo fato dele ser amplo. O <em>Obrigada<\/em> n\u00e3o levanta nenhuma bandeira, mas possui, nas pr\u00f3prias protagonistas, uma quest\u00e3o que muito vem sendo discutida: um casal gay. Nesse sentido, acredito que o filme contribui para uma reflex\u00e3o sobre a aceita\u00e7\u00e3o das diferen\u00e7as, j\u00e1 que n\u00e3o usamos nenhum tipo de estere\u00f3tipo para definir a orienta\u00e7\u00e3o sexual das personagens: elas s\u00e3o um casal, mas, acima de qualquer coisa, humanas. Para mim, essa abordagem delicada que retrata duas mulheres que se amam como algo natural e cotidiano, dialoga bastante com o tema do festival. A cultura da paz \u00e9 uma cultura onde existe respeito ao outro, onde nos enxergamos como iguais.<\/p>\n<p>O curta j\u00e1 participou de outros festivais? J\u00e1 foi premiado?<br \/>\nN\u00e3o, ser\u00e1 o primeiro festival.<\/p>\n<p>Para voc\u00ea, o que significa participar do Festival Taguatinga de Cinema?<br \/>\n\u00c9 uma oportunidade de fortalecer, cada vez mais, os novos rumos que o cinema nacional tem tomado. \u00c9 importante estar em contato com outros realizadores, discutindo, trocando, conhecendo novas propostas. Essa possibilidade de encontro com pessoas que fazem a mesma coisa que voc\u00ea \u00e9 uma das coisas mais legais do festival. E tem o fato do filme ter sido o mais votado na internet, o que me deixa muito feliz! Bom saber que um trabalho independente, feito com tanto carinho, est\u00e1 tocando as pessoas de alguma forma.<\/p>\n<p>Tarc\u00edsio Lara Puiati, diretor de <a title=\"Cowboy\" href=\"http:\/\/festivaltaguatinga.com.br\/festivalTagua\/11\/assista\/vote\/filme\/142\"><em>Cowboy<\/em><\/a><\/p>\n<p><a href=\"http:\/\/festivaltaguatinga.com.br\/wp-content\/uploads\/2014\/04\/TARCISIO_LARA_PUIATI.jpg\"><img loading=\"lazy\" decoding=\"async\" class=\"alignnone size-medium wp-image-605\" alt=\"TARCISIO_LARA_PUIATI\" src=\"http:\/\/festivaltaguatinga.com.br\/wp-content\/uploads\/2014\/04\/TARCISIO_LARA_PUIATI-300x300.jpg\" width=\"300\" height=\"300\" srcset=\"https:\/\/festivaltaguatinga.com.br\/blog\/wp-content\/uploads\/2014\/04\/TARCISIO_LARA_PUIATI-300x300.jpg 300w, https:\/\/festivaltaguatinga.com.br\/blog\/wp-content\/uploads\/2014\/04\/TARCISIO_LARA_PUIATI-150x150.jpg 150w, https:\/\/festivaltaguatinga.com.br\/blog\/wp-content\/uploads\/2014\/04\/TARCISIO_LARA_PUIATI-600x600.jpg 600w, https:\/\/festivaltaguatinga.com.br\/blog\/wp-content\/uploads\/2014\/04\/TARCISIO_LARA_PUIATI-260x260.jpg 260w, https:\/\/festivaltaguatinga.com.br\/blog\/wp-content\/uploads\/2014\/04\/TARCISIO_LARA_PUIATI.jpg 609w\" sizes=\"auto, (max-width: 300px) 100vw, 300px\" \/><\/a><\/p>\n<p>Como voc\u00ea apresenta o seu curta-metragem?<br \/>\n\u00c9 um filme realizado de forma bem simples, mas com muito amor ao cinema. Surgiu do encontro de nossa equipe com o personagem Cowboy, de Parintins, no Amazonas.<\/p>\n<p>O tema do Festival Taguatinga de Cinema deste ano \u00e9 \u201ccultura da paz\u201c. Como voc\u00ea acha que o seu curta dialoga com esse tema?<br \/>\nEntre outros temas, o curta <em>Cowboy<\/em> fala de preconceito contra pessoas com defici\u00eancia. Se, de alguma forma, ele tocar o expectador, creio que podemos dialogar com o tema da paz e do respeito \u00e0s diferen\u00e7as.<\/p>\n<p>O curta j\u00e1 participou de outros festivais? J\u00e1 foi premiado?<br \/>\n<em>Cowboy<\/em> participou de mais de 20 festivais e ganhou oito pr\u00eamios. Entre os pr\u00eamios de destaque est\u00e3o: Melhor Curta no FESTin 2013 &#8211; Festival de Cinema Itinerante da L\u00edngua Portuguesa e Melhor Ator no 6 Festival de Cinema de Triunfo 2013.<\/p>\n<p>Para voc\u00ea, o que significa participar do Festival Taguatinga de Cinema?<br \/>\n\u00c9 uma oportunidade maravilhosa de dialogar com o p\u00fablico local e exibir nosso filme na magia de uma sala de cinema.<\/p>\n<p>Weivson Andrade, diretor de <a title=\"Her\u00f3i noir\" href=\"http:\/\/festivaltaguatinga.com.br\/festivalTagua\/11\/assista\/vote\/filme\/314\" target=\"_blank\"><em>Her\u00f3i noir<\/em><\/a><\/p>\n<p><a href=\"http:\/\/festivaltaguatinga.com.br\/wp-content\/uploads\/2014\/04\/Weivson_Andrade.jpg\"><img loading=\"lazy\" decoding=\"async\" class=\"alignnone size-medium wp-image-606\" alt=\"Weivson_Andrade\" src=\"http:\/\/festivaltaguatinga.com.br\/wp-content\/uploads\/2014\/04\/Weivson_Andrade-218x300.jpg\" width=\"218\" height=\"300\" srcset=\"https:\/\/festivaltaguatinga.com.br\/blog\/wp-content\/uploads\/2014\/04\/Weivson_Andrade-218x300.jpg 218w, https:\/\/festivaltaguatinga.com.br\/blog\/wp-content\/uploads\/2014\/04\/Weivson_Andrade.jpg 328w\" sizes=\"auto, (max-width: 218px) 100vw, 218px\" \/><\/a><\/p>\n<p>Em poucas palavras, como voc\u00ea apresenta o seu curta-metragem?<br \/>\nResposta em v\u00eddeo: <a href=\"http:\/\/youtu.be\/gAUrRn5o8QE\">http:\/\/youtu.be\/gAUrRn5o8QE<\/a><\/p>\n<p>O tema do Festival Taguatinga de Cinema deste ano \u00e9 \u201ccultura da paz\u201c. Como voc\u00ea acha que o seu curta dialoga com esse tema?<br \/>\nO Her\u00f3i noir estimula a reflex\u00e3o e o di\u00e1logo sobre a pol\u00eamica do se &#8220;fazer justi\u00e7a com as pr\u00f3prias m\u00e3os&#8221; de um ponto de vista art\u00edstico. Existem fortes opini\u00f5es de quem \u00e9 contra e de quem \u00e9 a favor, o di\u00e1logo e a reflex\u00e3o sobre o tema \u00e9 uma das solu\u00e7\u00f5es para uma sociedade mais justa e consequentemente mais influenciada pela cultura da paz. Ent\u00e3o estimular essa reflex\u00e3o \u00e9 diretamente influenciar na mudan\u00e7a.<\/p>\n<p>O seu curta j\u00e1 participou de outros festivais? J\u00e1 foi premiado?<br \/>\nN\u00e3o, o <em>Her\u00f3i noir<\/em> ser\u00e1 lan\u00e7ado no Festival Taguatinga de Cinema.<\/p>\n<p>Para voc\u00ea, o que significa participar do Festival Taguatinga de Cinema?<br \/>\nMorei em Taguatinga boa parte da minha vida, meus pais ainda moram em Taguatinga, estou na cidade quase todos os dias, ent\u00e3o ter meu primeiro curta lan\u00e7ado nesse festival n\u00e3o \u00e9 s\u00f3 um prazer imenso, \u00e9 uma honra, o fechamento de um ciclo e o in\u00edcio de outro.<\/p>\n<p>Tiago Leit\u00e3o, diretor de<a title=\"Destinos\" href=\"http:\/\/festivaltaguatinga.com.br\/festivalTagua\/11\/assista\/vote\/filme\/68\" target=\"_blank\"> <em>Destinos<\/em><\/a><\/p>\n<p><a href=\"http:\/\/festivaltaguatinga.com.br\/wp-content\/uploads\/2014\/04\/Tiago_Leit\u00e3o.png\"><img loading=\"lazy\" decoding=\"async\" class=\"alignnone size-medium wp-image-607\" alt=\"Tiago_Leit\u00e3o\" src=\"http:\/\/festivaltaguatinga.com.br\/wp-content\/uploads\/2014\/04\/Tiago_Leit\u00e3o-300x298.png\" width=\"300\" height=\"298\" srcset=\"https:\/\/festivaltaguatinga.com.br\/blog\/wp-content\/uploads\/2014\/04\/Tiago_Leit\u00e3o-300x298.png 300w, https:\/\/festivaltaguatinga.com.br\/blog\/wp-content\/uploads\/2014\/04\/Tiago_Leit\u00e3o-150x150.png 150w, https:\/\/festivaltaguatinga.com.br\/blog\/wp-content\/uploads\/2014\/04\/Tiago_Leit\u00e3o-600x596.png 600w, https:\/\/festivaltaguatinga.com.br\/blog\/wp-content\/uploads\/2014\/04\/Tiago_Leit\u00e3o.png 677w\" sizes=\"auto, (max-width: 300px) 100vw, 300px\" \/><\/a><\/p>\n<p>Como voc\u00ea apresenta o seu curta-metragem?<br \/>\n<em>Destinos<\/em> trata, sobretudo, de tradi\u00e7\u00f5es. Trata de como quatro pessoas do sert\u00e3o pernambucano vivem com o fim de s\u00edmbolos de uma regi\u00e3o e com o fim de tradi\u00e7\u00f5es que conheceram, viveram e trabalharam por toda sua vida. O filme n\u00e3o pretende ser contra os avan\u00e7os atuais, mas sim contra os avan\u00e7os que passam por cima da hist\u00f3ria e das pessoas.<\/p>\n<p>O tema do Festival Taguatinga de Cinema deste ano \u00e9 \u201ccultura da paz\u201c. Como voc\u00ea acha que o seu curta dialoga com esse tema?<br \/>\nA principal rela\u00e7\u00e3o do filme com o tema do festival est\u00e1 na rela\u00e7\u00e3o humana dos personagens com a cultura popular com a inquieta\u00e7\u00e3o e sentimento de fim das suas est\u00f3rias de vida. Cultura e paz, provavelmente, \u00e9 o que cada um deles gostaria de ter hoje em dia.<\/p>\n<p>O curta j\u00e1 participou de outros festivais? J\u00e1 foi premiado?<br \/>\nFomos ao World Auteur Shorts Film Festival-2013, Delhi Shorts International Film Festival-13, para o Festival Internacional de Curtas do Rio de Janeiro \u2013 Curta Cinema 2013 e para o Festcine \u2013 Festival de V\u00eddeos de Pernambuco 2013. Para o Festival de Cine de Iquique 2014 &#8211; Chile. E foi selecionado para concorrer ao pr\u00eamio de melhor fotografia na Semana ABC 2014.<\/p>\n<p>Para voc\u00ea, o que significa participar do Festival Taguatinga de Cinema?<br \/>\nSempre achei que filme, antes de tudo, \u00e9 uma vis\u00e3o do autor sobre um tema e que quem faz filme quer mostrar essa vis\u00e3o para o m\u00e1ximo de pessoas poss\u00edveis. O Festival de Taguatinga \u00e9 mais uma excelente oportunidade de discutir e passar as minhas impress\u00f5es sobre esse o assunto do filme.<\/p>\n<p>MOSTRA COMPETITIVA 26 DE ABRIL<\/p>\n<p>Renata Diniz, diretora de <a title=\"Requ\u00edlia\" href=\"http:\/\/festivaltaguatinga.com.br\/festivalTagua\/11\/assista\/vote\/filme\/324\" target=\"_blank\"><em>Requ\u00edlia<\/em><\/a>\u00a0<a href=\"http:\/\/festivaltaguatinga.com.br\/festivalTagua\/11\/assista\/vote\/filme\/324\"><br \/>\n<\/a><\/p>\n<p><a href=\"http:\/\/festivaltaguatinga.com.br\/wp-content\/uploads\/2014\/04\/diretora_Requlia_RenataDiniz1_converted.jpg\"><img loading=\"lazy\" decoding=\"async\" class=\"alignnone size-medium wp-image-608\" alt=\"diretora_Requlia_RenataDiniz1_converted\" src=\"http:\/\/festivaltaguatinga.com.br\/wp-content\/uploads\/2014\/04\/diretora_Requlia_RenataDiniz1_converted-300x200.jpg\" width=\"300\" height=\"200\" srcset=\"https:\/\/festivaltaguatinga.com.br\/blog\/wp-content\/uploads\/2014\/04\/diretora_Requlia_RenataDiniz1_converted-300x200.jpg 300w, https:\/\/festivaltaguatinga.com.br\/blog\/wp-content\/uploads\/2014\/04\/diretora_Requlia_RenataDiniz1_converted.jpg 420w\" sizes=\"auto, (max-width: 300px) 100vw, 300px\" \/><\/a><\/p>\n<p>Como voc\u00ea apresenta o seu curta-metragem?<br \/>\n<a href=\"https:\/\/www.youtube.com\/watch?v=QrZqjhn4B2I&amp;feature=youtu.be\">https:\/\/www.youtube.com\/watch?v=QrZqjhn4B2I&amp;feature=youtu.be<\/a><\/p>\n<p>O tema do Festival Taguatinga de Cinema deste ano \u00e9 \u201ccultura da paz\u201c. Como voc\u00ea acha que o seu curta dialoga com esse tema?<br \/>\nO filme \u00e9 sobre uma rela\u00e7\u00e3o que nasce num lugar onde ningu\u00e9m se v\u00ea e ou se fala: uma parada de \u00f4nibus. E, tamb\u00e9m, sobre o nascimento de uma amizade entre personagens de diferentes gera\u00e7\u00f5es e classes sociais. Acredito que ele passa por cima das diferen\u00e7as e preconceitos que existem no mundo de hoje. E mostra qu\u00e3o bonita e rica pode ser a intera\u00e7\u00e3o de duas pessoas de mundos diferentes.<\/p>\n<p>O seu curta j\u00e1 participou de outros festivais (caso sim, quais)? J\u00e1 foi premiado?<br \/>\nSim. J\u00e1 ganhou nove pr\u00eamios. S\u00e3o eles: San Diego International Kids Film Festival: Melhor Dire\u00e7\u00e3o e Melhor Ator, Festival de Bras\u00edlia do Cinema Brasileiro (Mostra Bras\u00edlia): Melhor Dire\u00e7\u00e3o, Melhor Roteiro, Melhor Ator e Melhor Capta\u00e7\u00e3o de Som Direto; Festival Guarnic\u00ea de Cinema: Melhor Roteiro e Melhor Ator e Festival Primeiro Plano: Pr\u00eamio J\u00fari Infantil. E participou (ou vai participar) dos seguintes festivais:<br \/>\nComKids &#8211; Prix Jeunesse Iberoamericano; San Diego International Kids Film Festival (EUA); Festival de Bras\u00edlia do Cinema Brasileiro &#8211; Mostra Bras\u00edlia; Festival Guarnic\u00ea de Cinema; FestVit\u00f3ria \u2013 Festivalzinho; Festival Primeiro Plano ; Festival Internacional del Cine Pobre (Cuba); Projeto Cineminha; Pampifitas (Portugal); International Children`s Film Festival (Pol\u00f4nia).<\/p>\n<p>Para voc\u00ea, o que significa participar do Festival Taguatinga de Cinema?<br \/>\nPara mim, participar do Festival de Taguatinga \u00e9 um orgulho. \u00c9 ver o cinema da capital ganhar for\u00e7a e sentir que eu fa\u00e7o parte dessa hist\u00f3ria.<\/p>\n<p>Kaiony Ven\u00e2ncio, diretor de <a title=\"Vixe boy, dei valor!\" href=\"http:\/\/festivaltaguatinga.com.br\/festivalTagua\/11\/assista\/vote\/filme\/403\" target=\"_blank\"><em>Vixe boy, dei valor!<\/em><\/a><\/p>\n<p><a href=\"http:\/\/festivaltaguatinga.com.br\/wp-content\/uploads\/2014\/04\/Thiago_Brunno_e_Kaiony_Ven\u00e2ncio.jpg\"><img loading=\"lazy\" decoding=\"async\" class=\"alignnone size-medium wp-image-621\" alt=\"Thiago_Brunno_e_Kaiony_Ven\u00e2ncio\" src=\"http:\/\/festivaltaguatinga.com.br\/wp-content\/uploads\/2014\/04\/Thiago_Brunno_e_Kaiony_Ven\u00e2ncio-300x224.jpg\" width=\"300\" height=\"224\" srcset=\"https:\/\/festivaltaguatinga.com.br\/blog\/wp-content\/uploads\/2014\/04\/Thiago_Brunno_e_Kaiony_Ven\u00e2ncio-300x224.jpg 300w, https:\/\/festivaltaguatinga.com.br\/blog\/wp-content\/uploads\/2014\/04\/Thiago_Brunno_e_Kaiony_Ven\u00e2ncio-600x449.jpg 600w, https:\/\/festivaltaguatinga.com.br\/blog\/wp-content\/uploads\/2014\/04\/Thiago_Brunno_e_Kaiony_Ven\u00e2ncio.jpg 960w\" sizes=\"auto, (max-width: 300px) 100vw, 300px\" \/><\/a><\/p>\n<p>Na foto, o produtor\u00a0Thiago Brunno (autor das respostas abaixo) e o diretor\u00a0Kaiony Ven\u00e2ncio<br \/>\nResposta em v\u00eddeo:\u00a0<a href=\"http:\/\/youtu.be\/z18oBBNO-TU\" target=\"_blank\">http:\/\/youtu.be\/z18oBBNO-TU<br \/>\n<\/a><\/p>\n<p>Como voc\u00ea apresenta seu curta-metragem?<br \/>\nO curta-metragem <em>Vixe boy, dei valor<\/em> foi produzido para o IV FINC- Festival de Ba\u00eda Formosa, realizado em novembro do ano passado no RN. Como o tema do Festival era 1 minuto no Pa\u00eds do Futebol, pensamos em fazer algo que fosse um pouco mais cr\u00edtico, visto que a Copa do Mundo no Brasil trouxe v\u00e1rios problemas pol\u00edticos, econ\u00f4micos e sociais sob o pretexto de &#8220;deixar um legado&#8221;. Gostamos muito de um coment\u00e1rio feito pelo Lucas Soussumi da Abpi-TV quando mostramos o curta durante a \u00e9poca da vota\u00e7\u00e3o que o definiu como &#8220;sutil, mas agressivo&#8221;. Pensamos que a mensagem de um filme n\u00e3o precisa e nem deve ser did\u00e1tica, mas sobretudo po\u00e9tica. Na sinopse descrevemos: Junior, garoto de 10 anos de idade, faz a alegria dos seus amigos com um presente bastante criativo.<\/p>\n<p><span style=\"word-spacing: normal;\">O tema do Festival Taguatinga de Cinema deste ano \u00e9 &#8220;cultura de paz&#8221;. Como voc\u00ea acha que seu curta dialoga com o tema?<\/span>N\u00f3s da Eita Filmes, gostamos de produzir conte\u00fado que possa de alguma maneira ser inspirador ou transformador para quem os assista. O <em>Vixe boy, dei valor<\/em> tem uma pegada um pouco mais cr\u00edtica, por questionar um pouco sobre os altos investimentos feitos para a Copa do Mundo, um evento que favorece poucos e massacra simbolicamente e fisicamente uma popula\u00e7\u00e3o inteira, sobretudo a mais pobre. A cr\u00edtica em si \u00e9 geradora de conflito, por\u00e9m faz parte de um questionamento essencial para a manuten\u00e7\u00e3o de uma democracia. E dessa maneira, a paz n\u00e3o pode ser vista como uma total aus\u00eancia de conflitos, mas sim como uma tentativa de se construir um espa\u00e7o justo para todos, livre desses tipos de viol\u00eancia contra as minorias.<\/p>\n<p>O curta j\u00e1 participou de outros festivais? J\u00e1 foi premiado?<br \/>\nComo mencionei anteriormente, <em>Vixe boy, dei valor<\/em> foi feito para o FINC. Neste Festival, realizado em Novembro de 2013, vencemos a Vota\u00e7\u00e3o por j\u00fari popular e ficamos em 2\u00ba lugar pelo j\u00fari t\u00e9cnico. Com esse resultado, fomos automaticamente selecionados para participar em maio do Festival Off Plus Camera, na Crac\u00f3via, Pol\u00f4nia, para onde embarco assim que terminar o Festival Taguatinga. Em janeiro, participamos do I Curta Picu\u00ed e vencemos no voto popular na categoria de V\u00eddeos com at\u00e9 5 minutos. E no dia 26 de abril, quando nosso filme estiver sendo exibido no Festival Taguatinga, ele tamb\u00e9m estar\u00e1 sendo exibido no Farcume, extens\u00e3o do tradicional festival Portugu\u00eas no Brasil que ser\u00e1 realizado em Boa Vista, PB.<\/p>\n<p>Para voc\u00ea, o que significa participar do Festival Taguatinga de Cinema? Por que?<br \/>\nParticipar de festivais tem sido importante para a consolida\u00e7\u00e3o do nome Thiago Brunno, Kaiony Ven\u00e2ncio e da Eita Filmes como produtora. Participando do FINC, conseguimos aparecer mais no nosso Estado, Rio Grande do Norte, assim como no curta Picu\u00ed e no Farcume, nos aproximamos mais ainda da Para\u00edba, a qual j\u00e1 t\u00ednhamos uma certa proximidade. Participar do Festival Taguatinga \u00e9 uma oportunidade de aparecer num festival consolidado h\u00e1 11 edi\u00e7\u00f5es, que obviamente representa muito para quem faz parte do meio audiovisual e tamb\u00e9m \u00e9 uma oportunidade de ter uma proje\u00e7\u00e3o mais nacional do seu trabalho. Foi fruto de uma batalha \u00e1rdua e angustiante de um processo extenso e conturbado de vota\u00e7\u00e3o online no qual conseguimos nos classificar com sucesso.<\/p>\n<p>Fernanda Ferreira, diretora de <a title=\"Um amor, duas vidas\" href=\"http:\/\/festivaltaguatinga.com.br\/festivalTagua\/11\/assista\/vote\/filme\/114\" target=\"_blank\"><em>Um amor, duas vidas<\/em> <\/a><\/p>\n<p><a href=\"http:\/\/festivaltaguatinga.com.br\/wp-content\/uploads\/2014\/04\/Fernanda_Semente.jpg\"><img loading=\"lazy\" decoding=\"async\" class=\"alignnone size-medium wp-image-609\" alt=\"Fernanda_Semente\" src=\"http:\/\/festivaltaguatinga.com.br\/wp-content\/uploads\/2014\/04\/Fernanda_Semente-300x230.jpg\" width=\"300\" height=\"230\" srcset=\"https:\/\/festivaltaguatinga.com.br\/blog\/wp-content\/uploads\/2014\/04\/Fernanda_Semente-300x230.jpg 300w, https:\/\/festivaltaguatinga.com.br\/blog\/wp-content\/uploads\/2014\/04\/Fernanda_Semente-600x461.jpg 600w, https:\/\/festivaltaguatinga.com.br\/blog\/wp-content\/uploads\/2014\/04\/Fernanda_Semente.jpg 760w\" sizes=\"auto, (max-width: 300px) 100vw, 300px\" \/><\/a><\/p>\n<p>Como voc\u00ea apresenta o seu curta-metragem?<br \/>\nO curta metragem <em>Um amor duas vidas<\/em> \u00e9 um filme sem falas, possui apenas trilha sonora. Ele surgiu na ideia de um TCC (trabalho de conclus\u00e3o de curso) para a faculdade de Artes Visuais. N\u00e3o aprendemos cinema neste curso, ent\u00e3o foi tudo \u00e0 base de pesquisas. O projeto inicial se chamava curta-metragem experimental. Sua po\u00e9tica tem a inten\u00e7\u00e3o de fazer a uni\u00e3o das artes c\u00eanicas com pl\u00e1sticas.<\/p>\n<p>O tema do Festival Taguatinga de Cinema deste ano \u00e9 \u201ccultura da paz\u201c. Como voc\u00ea acha que o seu curta dialoga com esse tema?<br \/>\nAcho que dialoga super bem, pois \u00e9 um filme que fala sobre amor, dor e supera\u00e7\u00e3o. Os personagens s\u00e3o separados pela I Guerra Mundial que \u00e9 a grande &#8220;vil\u00e3&#8221; da hist\u00f3ria. Em um mundo onde existe guerra, dor e sofrimento, o amor e a arte s\u00e3o caminhos que nos levam \u00e0 paz.<\/p>\n<p>O curta j\u00e1 participou de outros festivais? J\u00e1 foi premiado?<br \/>\nSim. Ele participou da 2\u00aa Edi\u00e7\u00e3o da Mostra \u00c1udio Visual Hardy Kowalesky &#8211; Cine Cosmo e levou o pr\u00eamio de melhor filme.<\/p>\n<p>Para voc\u00ea, o que significa participar do Festival Taguatinga de Cinema?<br \/>\nSignifica muito!!! \u00c9 maravilhoso poder levar meu filme para outro Estado, onde v\u00e1rias pessoas poder\u00e3o assistir. Vou conhecer muitos colegas do audiovisual, vamos trocar ideias. Quero acima de tudo poder me divertir e aprender! \u00c9 um sonho mesmo e dedico tudo isso ao meu pai, que me ajudou extremamente fora e dentro do filme (ele \u00e9 o carteiro) e infelizmente n\u00e3o mais aqui&#8230; Se ele estivesse, estaria chorando de alegria por eu ter conseguido essa oportunidade. Agrade\u00e7o a todos.<\/p>\n<p>Tarc\u00edsio Lara Puiati, diretor de <a title=\"Quimera\" href=\"http:\/\/festivaltaguatinga.com.br\/festivalTagua\/11\/assista\/vote\/filme\/444\" target=\"_blank\"><em>Quimera<\/em><\/a><\/p>\n<p><a href=\"http:\/\/festivaltaguatinga.com.br\/wp-content\/uploads\/2014\/04\/TARCISIO_LARA_PUIATI.jpg\"><img loading=\"lazy\" decoding=\"async\" class=\"alignnone size-medium wp-image-605\" alt=\"TARCISIO_LARA_PUIATI\" src=\"http:\/\/festivaltaguatinga.com.br\/wp-content\/uploads\/2014\/04\/TARCISIO_LARA_PUIATI-300x300.jpg\" width=\"300\" height=\"300\" srcset=\"https:\/\/festivaltaguatinga.com.br\/blog\/wp-content\/uploads\/2014\/04\/TARCISIO_LARA_PUIATI-300x300.jpg 300w, https:\/\/festivaltaguatinga.com.br\/blog\/wp-content\/uploads\/2014\/04\/TARCISIO_LARA_PUIATI-150x150.jpg 150w, https:\/\/festivaltaguatinga.com.br\/blog\/wp-content\/uploads\/2014\/04\/TARCISIO_LARA_PUIATI-600x600.jpg 600w, https:\/\/festivaltaguatinga.com.br\/blog\/wp-content\/uploads\/2014\/04\/TARCISIO_LARA_PUIATI-260x260.jpg 260w, https:\/\/festivaltaguatinga.com.br\/blog\/wp-content\/uploads\/2014\/04\/TARCISIO_LARA_PUIATI.jpg 609w\" sizes=\"auto, (max-width: 300px) 100vw, 300px\" \/><\/a><\/p>\n<p>Como voc\u00ea apresenta o seu curta-metragem?<br \/>\nO curta <em>Quimera<\/em> \u00e9 uma declara\u00e7\u00e3o de amor ao Rio Madeira e \u00e0 cidade de Porto Velho, em Rond\u00f4nia. \u00c9 um filme simples e rom\u00e2ntico, todo rodado ao entardecer, com os atores sempre em silhueta contra o sol. \u00c9 a busca por um cinema po\u00e9tico e popular.<\/p>\n<p>O tema do Festival Taguatinga de Cinema deste ano \u00e9 \u201ccultura da paz\u201c. Como voc\u00ea acha que o seu curta dialoga com esse tema?<br \/>\nUm dos temas de Quimera \u00e9 a diversidade sexual. Conviver com as diferen\u00e7as e respeitar toda forma de amor tem tudo a ver com paz.<\/p>\n<p>O curta j\u00e1 participou de outros festivais? J\u00e1 foi premiado?<br \/>\nQuimera participou de oito festivais e ganhou os pr\u00eamios de Melhor Filme do J\u00fari Popular nos festivais FestCine Amaz\u00f4nia e Amazonas Film Festival.<\/p>\n<p>Para voc\u00ea, o que significa participar do Festival Taguatinga de Cinema? Por que?<br \/>\nExibir <em>Quimera<\/em> em Taguatinga \u00e9 uma imensa alegria porque \u00e9 um filme feito para o p\u00fablico, buscando uma comunica\u00e7\u00e3o direta. Ser\u00e1 \u00f3timo dialogar com o p\u00fablico local e falar de cinema com nosso pequeno filme.<\/p>\n","protected":false},"excerpt":{"rendered":"<p>Hoje publicamos as entrevistas com os realizadores que participam da mostra competitiva nos dias 25 e 26 de abril. Juliana Sanson de Oliveira, diretora de Cora\u00e7\u00e3o magoado\u00a0 Como voc\u00ea apresenta o seu curta-metragem? Cora\u00e7\u00e3o magoado \u00e9 um filme que fala um pouco sobre o universo feminino, talvez sobre um aspecto mais sombrio desse universo que [&hellip;]<\/p>\n","protected":false},"author":12,"featured_media":357,"comment_status":"closed","ping_status":"closed","sticky":false,"template":"","format":"standard","meta":{"footnotes":""},"categories":[5],"tags":[27],"class_list":["post-602","post","type-post","status-publish","format-standard","has-post-thumbnail","hentry","category-noticia","tag-noticia"],"_links":{"self":[{"href":"https:\/\/festivaltaguatinga.com.br\/blog\/wp-json\/wp\/v2\/posts\/602","targetHints":{"allow":["GET"]}}],"collection":[{"href":"https:\/\/festivaltaguatinga.com.br\/blog\/wp-json\/wp\/v2\/posts"}],"about":[{"href":"https:\/\/festivaltaguatinga.com.br\/blog\/wp-json\/wp\/v2\/types\/post"}],"author":[{"embeddable":true,"href":"https:\/\/festivaltaguatinga.com.br\/blog\/wp-json\/wp\/v2\/users\/12"}],"replies":[{"embeddable":true,"href":"https:\/\/festivaltaguatinga.com.br\/blog\/wp-json\/wp\/v2\/comments?post=602"}],"version-history":[{"count":10,"href":"https:\/\/festivaltaguatinga.com.br\/blog\/wp-json\/wp\/v2\/posts\/602\/revisions"}],"predecessor-version":[{"id":957,"href":"https:\/\/festivaltaguatinga.com.br\/blog\/wp-json\/wp\/v2\/posts\/602\/revisions\/957"}],"wp:featuredmedia":[{"embeddable":true,"href":"https:\/\/festivaltaguatinga.com.br\/blog\/wp-json\/wp\/v2\/media\/357"}],"wp:attachment":[{"href":"https:\/\/festivaltaguatinga.com.br\/blog\/wp-json\/wp\/v2\/media?parent=602"}],"wp:term":[{"taxonomy":"category","embeddable":true,"href":"https:\/\/festivaltaguatinga.com.br\/blog\/wp-json\/wp\/v2\/categories?post=602"},{"taxonomy":"post_tag","embeddable":true,"href":"https:\/\/festivaltaguatinga.com.br\/blog\/wp-json\/wp\/v2\/tags?post=602"}],"curies":[{"name":"wp","href":"https:\/\/api.w.org\/{rel}","templated":true}]}}