{"id":583,"date":"2014-04-11T16:18:32","date_gmt":"2014-04-11T19:18:32","guid":{"rendered":"http:\/\/festivaltaguatinga.com.br\/?p=583"},"modified":"2014-04-14T09:59:35","modified_gmt":"2014-04-14T12:59:35","slug":"entrevistas-com-participantes-da-mostra-competitiva","status":"publish","type":"post","link":"https:\/\/festivaltaguatinga.com.br\/blog\/entrevistas-com-participantes-da-mostra-competitiva\/","title":{"rendered":"Entrevistas com participantes da Mostra Competitiva (parte 1)"},"content":{"rendered":"<p>Solicitamos aos realizadores participantes da mostra competitiva que respondessem uma pequena entrevista comentando seus filmes e a participa\u00e7\u00e3o no Festival Taguatinga de Cinema. As respostas que recebemos (a maioria por escrito e algumas em v\u00eddeos) seguem abaixo. Hoje publicaremos as entrevistas referentes aos filmes que ser\u00e3o exibidos no festival nos dias 23 e 24 de abril. Confira amanh\u00e3 as entrevistas referentes aos curtas dos dias 25 e 26 de abril.<\/p>\n<p>PARTICIPANTES COM FILMES NA MOSTRA COMPETITIVA EM 23 DE ABRIL:<\/p>\n<p>Sylara Silv\u00e9rio e Amaro B. Neto, diretores de <em>Homem de bem<\/em> (<a title=\"Homem de bem\" href=\"http:\/\/festivaltaguatinga.com.br\/festivalTagua\/11\/assista\/vote\/filme\/24\">http:\/\/festivaltaguatinga.com.br\/festivalTagua\/11\/assista\/vote\/filme\/24<\/a>)<\/p>\n<p><a href=\"http:\/\/festivaltaguatinga.com.br\/wp-content\/uploads\/2014\/04\/Sylara_Silv\u00e9rio.jpg\"><img loading=\"lazy\" decoding=\"async\" class=\"alignnone size-medium wp-image-585\" alt=\"Sylara_Silv\u00e9rio\" src=\"http:\/\/festivaltaguatinga.com.br\/wp-content\/uploads\/2014\/04\/Sylara_Silv\u00e9rio-300x200.jpg\" width=\"300\" height=\"200\" srcset=\"https:\/\/festivaltaguatinga.com.br\/blog\/wp-content\/uploads\/2014\/04\/Sylara_Silv\u00e9rio-300x200.jpg 300w, https:\/\/festivaltaguatinga.com.br\/blog\/wp-content\/uploads\/2014\/04\/Sylara_Silv\u00e9rio-1024x682.jpg 1024w, https:\/\/festivaltaguatinga.com.br\/blog\/wp-content\/uploads\/2014\/04\/Sylara_Silv\u00e9rio-600x400.jpg 600w\" sizes=\"auto, (max-width: 300px) 100vw, 300px\" \/><\/a>\u00a0<a href=\"http:\/\/festivaltaguatinga.com.br\/wp-content\/uploads\/2014\/04\/Amaro-B.-Neto.jpg\"><img loading=\"lazy\" decoding=\"async\" class=\"alignnone size-medium wp-image-584\" alt=\"Amaro B. Neto\" src=\"http:\/\/festivaltaguatinga.com.br\/wp-content\/uploads\/2014\/04\/Amaro-B.-Neto-207x300.jpg\" width=\"207\" height=\"300\" srcset=\"https:\/\/festivaltaguatinga.com.br\/blog\/wp-content\/uploads\/2014\/04\/Amaro-B.-Neto-207x300.jpg 207w, https:\/\/festivaltaguatinga.com.br\/blog\/wp-content\/uploads\/2014\/04\/Amaro-B.-Neto-600x866.jpg 600w, https:\/\/festivaltaguatinga.com.br\/blog\/wp-content\/uploads\/2014\/04\/Amaro-B.-Neto.jpg 665w\" sizes=\"auto, (max-width: 207px) 100vw, 207px\" \/><\/a><\/p>\n<p>Como voc\u00eas apresentam o curta-metragem?<br \/>\nResposta em v\u00eddeo: <a href=\"http:\/\/vimeo.com\/91654977\">http:\/\/vimeo.com\/91654977<\/a><br \/>\nO curta-metragem conta a trajet\u00f3ria de um cidad\u00e3o afim de levantar-se contra as mazelas do seu cotidiano. O v\u00eddeo quebra o estere\u00f3tipo de manifestante constru\u00eddo por parte da sociedade atrav\u00e9s da m\u00eddia, que desde o in\u00edcios das manifesta\u00e7\u00f5es tentava ao m\u00e1ximo n\u00e3o cobrir com clareza os protestos e influenciar na constru\u00e7\u00e3o do senso comum a respeito da \u00edndole dos manifestantes. Quase sem di\u00e1logo, o v\u00eddeo se utiliza de recursos sonoros para fazer com que o expectador se envolva com a narrativa e tire suas pr\u00f3prias conclus\u00f5es atrav\u00e9s das a\u00e7\u00f5es do personagem.<\/p>\n<p>O tema do Festival Taguatinga de Cinema deste ano \u00e9 \u201ccultura da paz\u201c. Como voc\u00ea acha que o seu curta dialoga com esse tema?<br \/>\nA rela\u00e7\u00e3o do Homem de bem com a paz est\u00e1 ancorada na m\u00e1xima de que a paz \u00e9 um dom ou estado de esp\u00edrito conquistado. Banalizar a paz tornando todas as outras necessidades b\u00e1sicas irris\u00f3rias, cria-se um estado de apatia e n\u00e3o o verdadeiro estado de esp\u00edrito almejado, a paz.<\/p>\n<p>O curta j\u00e1 participou de outros festivais? J\u00e1 foi premiado?<br \/>\nEsse \u00e9 o primeiro festival no qual ele participa.<\/p>\n<p>O que significa participar do Festival Taguatinga de Cinema?<br \/>\n\u00c9 uma grande oportunidade para n\u00f3s podermos participar do Festival Taguatinga de Cinema, pois o que era apenas um trabalho acad\u00eamico agora toma outras propor\u00e7\u00f5es, colaborando, inclusive, para a divulga\u00e7\u00e3o das produ\u00e7\u00f5es audiovisuais potiguares. Cada vez mais, em nosso estado, estamos realizando v\u00eddeos, curtas, filmes de grande calibre, e ter a experi\u00eancia de participar de um festival nacional e fazer com que os olhos se voltem al\u00e9m do eixo Rio-S\u00e3o Paulo \u00e9 muito positivo.<\/p>\n<p>Fl\u00e1vio Carnielli, diretor de <em>Roberto no pa\u00eds dos justos<\/em> (<a href=\"http:\/\/festivaltaguatinga.com.br\/festivalTagua\/11\/assista\/vote\/filme\/203\">http:\/\/festivaltaguatinga.com.br\/festivalTagua\/11\/assista\/vote\/filme\/203<\/a>)<\/p>\n<p><a href=\"http:\/\/festivaltaguatinga.com.br\/wp-content\/uploads\/2014\/04\/Fl\u00e1vio_Carnielli_1.jpg\"><img loading=\"lazy\" decoding=\"async\" class=\"alignnone size-full wp-image-586\" alt=\"Fl\u00e1vio_Carnielli_1\" src=\"http:\/\/festivaltaguatinga.com.br\/wp-content\/uploads\/2014\/04\/Fl\u00e1vio_Carnielli_1.jpg\" width=\"231\" height=\"215\" \/><\/a><br \/>\nComo voc\u00ea apresenta o seu curta-metragem?<br \/>\nO Roberto \u00e9 um curta sobre as verdades que todos n\u00f3s preferimos ignorar. No final, acabou se tornando tamb\u00e9m um curta sobre como ningu\u00e9m tem interesse em ouvir o outro, mesmo quando esse outro tem uma mensagem super legal e afetuosa. Poxa, &#8220;tudo que \u00e9 meu, vou dividir com voc\u00ea&#8221;! O cara \u00e9 puro amor e mesmo assim, nada!<\/p>\n<p>O tema do Festival Taguatinga de Cinema deste ano \u00e9 \u201ccultura da paz\u201c. Como voc\u00ea acha que o seu curta dialoga com esse tema?<br \/>\nO Roberto \u00e9 a express\u00e3o da contracultura contempor\u00e2nea! Ele quer espalhar a paz de esp\u00edrito atrav\u00e9s das suas mensagens, mesmo que \u00e0s vezes elas sejam doloridas. Existem Robertos de verdade no mundo e eles s\u00e3o considerados &#8220;louquinhos&#8221;. Louco \u00e9 aquele sujeito que trabalha das oito \u00e0s cinco e volta todo dia pra casa achando que a mulher dele t\u00e1 com outro (e normalmente t\u00e1, n\u00e9?).<\/p>\n<p>O curta j\u00e1 participou de outros festivais? J\u00e1 foi premiado?<br \/>\nParticipou de um em Cosm\u00f3polis-SP e ficou com um trof\u00e9uzinho de 3\u00ba lugar. Tenho orgulho, mas acho que sempre merecemos o melhor.<\/p>\n<p>Para voc\u00ea, o que significa participar do Festival Taguatinga de Cinema?<br \/>\nSignifica trocar experi\u00eancias com outros realizadores &#8220;cowboys&#8221; como eu e tamb\u00e9m ter o extremo prazer de viajar gra\u00e7as \u00e0 qualidade e aceita\u00e7\u00e3o do meu trabalho.<\/p>\n<p>F\u00e1uston da Silva, diretor de <em>Meu amigo Nietzsche<\/em> (<a href=\"http:\/\/festivaltaguatinga.com.br\/festivalTagua\/11\/assista\/vote\/filme\/281\">http:\/\/festivaltaguatinga.com.br\/festivalTagua\/11\/assista\/vote\/filme\/281<\/a>)<\/p>\n<p><a href=\"http:\/\/festivaltaguatinga.com.br\/wp-content\/uploads\/2014\/04\/F\u00e1uston-da-Silva.jpg\"><img loading=\"lazy\" decoding=\"async\" class=\"alignnone size-medium wp-image-599\" alt=\"F\u00e1uston da Silva\" src=\"http:\/\/festivaltaguatinga.com.br\/wp-content\/uploads\/2014\/04\/F\u00e1uston-da-Silva-199x300.jpg\" width=\"199\" height=\"300\" srcset=\"https:\/\/festivaltaguatinga.com.br\/blog\/wp-content\/uploads\/2014\/04\/F\u00e1uston-da-Silva-199x300.jpg 199w, https:\/\/festivaltaguatinga.com.br\/blog\/wp-content\/uploads\/2014\/04\/F\u00e1uston-da-Silva.jpg 378w\" sizes=\"auto, (max-width: 199px) 100vw, 199px\" \/><\/a><\/p>\n<p>Como voc\u00ea apresenta o seu curta-metragem?<br \/>\n\u00c9 um filme sobre analfabetismo funcional e possibilidade de supera\u00e7\u00e3o mesmo diante de todas as impossibilidades.<\/p>\n<p>O tema do Festival Taguatinga de Cinema deste ano \u00e9 \u201ccultura da paz\u201c. Como voc\u00ea acha que o seu curta dialoga com esse tema?<br \/>\nDialoga perfeitamente com o festival, pois mesmo sendo um filme de periferia, se distancia totalmente do que se tem produzido no cinema nacional quando se aborda assunto, onde a \u00eanfase costuma ser dada \u00e0 viol\u00eancia. No caso do meu filme, falo de outras tem\u00e1ticas, falo de possibilidades, de sonhos, de esperan\u00e7a e de supera\u00e7\u00e3o. Tudo isso tamb\u00e9m faz parte da periferia e est\u00e1 diretamente relacionado \u00e0 tem\u00e1tica da paz.<\/p>\n<p>O seu curta j\u00e1 participou de outros festivais? Comente a trajet\u00f3ria dele.<br \/>\nO filme ganhou quatro pr\u00eamios no Festival de Bras\u00edlia. Ganhou tamb\u00e9m v\u00e1rios pr\u00eamios internacionais. Os mais recentes foram dois pr\u00eamios no Festival de Clermont Ferrand, que \u00e9 um dos mais importantes do mundo. Fico feliz que as pessoas estejam valorizando a tem\u00e1tica do filme e fico mais feliz ainda em levar o nosso cinema, a nossa cidade, a nossa hist\u00f3ria para outros pa\u00edses.<\/p>\n<p>Para voc\u00ea, o que significa participar do Festival Taguatinga de Cinema?<br \/>\nPara mim \u00e9 um festival muito importante, pois assim como o meu cinema, est\u00e1 fora do eixo do que se entende ser Bras\u00edlia. \u00c9 um festival agregador, que deixa a cidade de Taguatinga em foco no cen\u00e1rio nacional. Al\u00e9m disso, h\u00e1 tamb\u00e9m uma valoriza\u00e7\u00e3o do p\u00fablico, que tem a oportunidade de ver excelentes filmes sem ter que se deslocar para o Plano Piloto. Fico feliz em fazer parte da hist\u00f3ria do Festival de Taguatinga.<\/p>\n<p>Nath\u00e1lia Diel\u00fa, diretora do filme <em>Somos todos<\/em> (<a href=\"http:\/\/festivaltaguatinga.com.br\/festivalTagua\/11\/assista\/vote\/filme\/93\">http:\/\/festivaltaguatinga.com.br\/festivalTagua\/11\/assista\/vote\/filme\/93<\/a>).<\/p>\n<p><a href=\"http:\/\/festivaltaguatinga.com.br\/wp-content\/uploads\/2014\/04\/Nath\u00e1lia_Diel\u00fa.jpg\"><img loading=\"lazy\" decoding=\"async\" class=\"alignnone size-medium wp-image-614\" alt=\"Nath\u00e1lia_Diel\u00fa\" src=\"http:\/\/festivaltaguatinga.com.br\/wp-content\/uploads\/2014\/04\/Nath\u00e1lia_Diel\u00fa-300x200.jpg\" width=\"300\" height=\"200\" srcset=\"https:\/\/festivaltaguatinga.com.br\/blog\/wp-content\/uploads\/2014\/04\/Nath\u00e1lia_Diel\u00fa-300x200.jpg 300w, https:\/\/festivaltaguatinga.com.br\/blog\/wp-content\/uploads\/2014\/04\/Nath\u00e1lia_Diel\u00fa-600x400.jpg 600w, https:\/\/festivaltaguatinga.com.br\/blog\/wp-content\/uploads\/2014\/04\/Nath\u00e1lia_Diel\u00fa.jpg 960w\" sizes=\"auto, (max-width: 300px) 100vw, 300px\" \/><\/a><br \/>\nO tema do Festival Taguatinga de Cinema deste ano \u00e9 \u201ccultura da paz\u201c. Como voc\u00ea acha que o seu curta dialoga com esse tema?<br \/>\n<em>Somos todos<\/em> \u00e9 um grito, um desabafo pela violenta desocupa\u00e7\u00e3o da Comunidade do Pinheirinho, em S\u00e3o Jos\u00e9 dos Campos. Ao decidirmos sair do Recife e produzir o document\u00e1rio, o nosso desejo era ajudar aquelas pessoas que n\u00e3o tiveram os seus direitos respeitados, em nome de dias melhoras, de uma cultura de paz que deve ser uma busca constante.<\/p>\n<p>O curta j\u00e1 participou de outros festivais? J\u00e1 foi premiado?<br \/>\nSim. <em>Somos todos<\/em> participou de outros tr\u00eas festivais. O primeiro foi o Vis\u00f5es Perif\u00e9ricas, no Rio de Janeiro. L\u00e1, o document\u00e1rio recebeu duas premia\u00e7\u00f5es: Na categoria Fronteiras Imagin\u00e1rias e do j\u00fari do Porta Curtas. Participou tamb\u00e9m do Sercine, em Sergipe, e do Festcine, no Recife. Neste \u00faltimo, recebeu Men\u00e7\u00e3o Honrosa.<\/p>\n<p>Para voc\u00ea, o que significa participar do Festival Taguatinga de Cinema?<br \/>\nParticipar deste festival \u00e9 muito simb\u00f3lico para mim e para a co-diretora Bruna Monteiro. Por ser mais um meio de ecoar o Massacre do Pinheirinho para mais pessoas, por contribuir, de alguma forma, com os personagens desse caso, discutindo uma cultura de paz que deve nos acompanhar nos olhares e a\u00e7\u00f5es cotidianos. E dentre muitas outras coisas que eu poderia citar, por ser no Distrito Federal, um lugar emblem\u00e1tico, quando o assunto \u00e9 justi\u00e7a e n\u00e3o esquecimento.<\/p>\n<p>Alison Zago, diretor de <em>Preto ou branco!<\/em> (<a href=\"http:\/\/festivaltaguatinga.com.br\/festivalTagua\/11\/assista\/vote\/filme\/51\">http:\/\/festivaltaguatinga.com.br\/festivalTagua\/11\/assista\/vote\/filme\/51<\/a>)<\/p>\n<p><a href=\"http:\/\/festivaltaguatinga.com.br\/wp-content\/uploads\/2014\/04\/Alison_Zago_2.jpg\"><img loading=\"lazy\" decoding=\"async\" class=\"alignnone size-medium wp-image-587\" alt=\"Alison_Zago_2\" src=\"http:\/\/festivaltaguatinga.com.br\/wp-content\/uploads\/2014\/04\/Alison_Zago_2-300x184.jpg\" width=\"300\" height=\"184\" srcset=\"https:\/\/festivaltaguatinga.com.br\/blog\/wp-content\/uploads\/2014\/04\/Alison_Zago_2-300x184.jpg 300w, https:\/\/festivaltaguatinga.com.br\/blog\/wp-content\/uploads\/2014\/04\/Alison_Zago_2.jpg 450w\" sizes=\"auto, (max-width: 300px) 100vw, 300px\" \/><\/a><br \/>\nComo voc\u00ea apresenta o seu curta-metragem?<br \/>\nO curta Preto ou branco! acompanha as decis\u00f5es do jornalista Eduardo Pena num per\u00edodo infeliz da nossa hist\u00f3ria: a ditadura civil-militar brasileira. O filme provoca o espectador a pensar sobre a ditadura e os terrores daquele per\u00edodo, atrav\u00e9s do di\u00e1logo com alguns g\u00eaneros do cinema, trabalhando o suspense e a tens\u00e3o inerentes aquele per\u00edodo.<\/p>\n<p>O tema do Festival Taguatinga de Cinema deste ano \u00e9 \u201ccultura da paz\u201c. Como voc\u00ea acha que o seu curta dialoga com esse tema?<br \/>\nAcredito que o cinema tem uma fundamental import\u00e2ncia para o questionamento da sociedade em que vivemos. Como j\u00e1 dito, o curta Preto ou branco! \u00e9 uma sugest\u00e3o\/provoca\u00e7\u00e3o em rela\u00e7\u00e3o a este per\u00edodo hist\u00f3rico, buscando suscitar d\u00favidas em rela\u00e7\u00e3o \u00e0 \u00e9poca, interessar o espectador sobre o per\u00edodo, j\u00e1 que encontramos, cotidianamente, resqu\u00edcios daquele tempo, seja na educa\u00e7\u00e3o, na pol\u00edtica em si ou na seguran\u00e7a p\u00fablica, interferindo diretamente em como lidamos com quest\u00f5es culturais relacionadas \u00e0 viol\u00eancia e paz.<\/p>\n<p>O curta j\u00e1 participou de outros festivais? J\u00e1 foi premiado?<br \/>\nSim, o filme j\u00e1 participou de alguns festivais e ganhou alguns pr\u00eamios, com destaque para o \u00faltimo, no 10\u00ba Pr\u00eamio FIESP\/SESI de Cinema, que coincidentemente ocorreu na semana em se completam 50 anos do golpe civil-militar. Entre outros: 10\u00ba Pr\u00eamio SESI\/Fiesp de Cinema (Melhor Filme de Curta-Metragem); 12\u00ba Chico Festival (Melhor Filme de Fic\u00e7\u00e3o &#8211; J\u00fari e Melhor Filme de Fic\u00e7\u00e3o &#8211; Voto do P\u00fablico); 8\u00ba Curta Ourinhos (Melhor Filme); 11\u00ba Curta Santos (Melhor Edi\u00e7\u00e3o); 2\u00ba Festival de Cinema de Santa Rosa (Melhor Roteiro e Melhor Ator); 11\u00ba Fest Cine Amaz\u00f4nia (Melhor Linguagem); 29\u00ba Festival Internacional de Cinema de Guadalajara; 24\u00ba Festival Internacional de Curtas de S\u00e3o Paulo; 10\u00ba Festival de Cinema de Maring\u00e1 e 6\u00ba Festival de Direitos Humanos \u2013 Entretodos.<\/p>\n<p>Para voc\u00ea, o que significa participar do Festival Taguatinga de Cinema?<br \/>\nPoder exibir o meu curta no Festival Taguatinga de Cinema, um festival j\u00e1 consolidado que chega em sua 11\u00ba edi\u00e7\u00e3o, \u00e9 uma grande satisfa\u00e7\u00e3o. Acredito que o ciclo de um filme come\u00e7a a se completar quando a obra chega ao p\u00fablico, comunicando-se com ele, podendo suscitar quest\u00f5es ou gerar debate sobre qualquer assunto e, al\u00e9m disso, para os realizadores de curtas, os festivais de cinema s\u00e3o as principais janelas para a constru\u00e7\u00e3o desse fundamental di\u00e1logo.<\/p>\n<p>Alexandre Alencar, diretor de <em>Os silenciados n\u00e3o mudam o mundo<\/em> (<a href=\"http:\/\/festivaltaguatinga.com.br\/festivalTagua\/11\/assista\/vote\/filme\/261\">http:\/\/festivaltaguatinga.com.br\/festivalTagua\/11\/assista\/vote\/filme\/261<\/a>)<\/p>\n<p><a href=\"http:\/\/festivaltaguatinga.com.br\/wp-content\/uploads\/2014\/04\/Alexandre_Alencar.jpg\"><img loading=\"lazy\" decoding=\"async\" class=\"alignnone size-medium wp-image-588\" alt=\"Alexandre_Alencar\" src=\"http:\/\/festivaltaguatinga.com.br\/wp-content\/uploads\/2014\/04\/Alexandre_Alencar-300x260.jpg\" width=\"300\" height=\"260\" srcset=\"https:\/\/festivaltaguatinga.com.br\/blog\/wp-content\/uploads\/2014\/04\/Alexandre_Alencar-300x260.jpg 300w, https:\/\/festivaltaguatinga.com.br\/blog\/wp-content\/uploads\/2014\/04\/Alexandre_Alencar-600x521.jpg 600w, https:\/\/festivaltaguatinga.com.br\/blog\/wp-content\/uploads\/2014\/04\/Alexandre_Alencar.jpg 955w\" sizes=\"auto, (max-width: 300px) 100vw, 300px\" \/><\/a><br \/>\n<span style=\"word-spacing: normal;\">Como voc\u00ea apresenta o seu curta-metragem?<br \/>\n<\/span>Um document\u00e1rio, po\u00e9tico e contundente. Que estimula a reflex\u00e3o sobre as rela\u00e7\u00f5es\u00a0entre os adolescentes, a fam\u00edlia e a educa\u00e7\u00e3o.<\/p>\n<p>O tema do Festival Taguatinga de Cinema deste ano \u00e9 \u201ccultura da paz\u201c. Como voc\u00ea acha que o seu curta dialoga com esse tema?<br \/>\nO document\u00e1rio Os silenciados n\u00e3o mudam o mundo tem como tema dominante a educa\u00e7\u00e3o. Os pensamentos do educador Paulo Freire, contidos no curta, acredito ter total sintonia com o tema do festival.<\/p>\n<p>O seu curta j\u00e1 participou de outros festivais (caso sim, quais)? J\u00e1 foi premiado?<br \/>\nCine-PE 2013. Pr\u00eamio ABD\/APECI: Melhor Curta Pernambucano. Pr\u00eamio Josu\u00e9 de Castro: Melhor Document\u00e1rio. SERCINE Festival de Sergipe 2013 &#8211; Pr\u00eamio do J\u00fari Popular: Melhor Filme. FestCine Maring\u00e1 2013 &#8211; Pr\u00eamio do J\u00fari Oficial: Melhor Curta Document\u00e1rio. Festival de Curtas de Pernambuco 2013 &#8211; Pr\u00eamio do J\u00fari Oficial: Melhor Document\u00e1rio.<\/p>\n<p>Para voc\u00ea, o que significa participar do Festival Taguatinga de Cinema?<br \/>\nPara mim, \u00e9 uma honra. Acho que todo realizador quer que seu filme seja visto pelo maior n\u00famero de pessoas poss\u00edveis, principalmente por plateias de festivais, que em sua grande maioria \u00e9 formada por apaixonados por cinema.<\/p>\n<p>PARTICIPANTES COM FILMES NA MOSTRA COMPETITIVA EM 24 DE ABRIL:<\/p>\n<p>Isabela Veiga, diretora de <em>A velha gulosa<\/em> (<a href=\"http:\/\/festivaltaguatinga.com.br\/festivalTagua\/11\/assista\/vote\/filme\/56\">http:\/\/festivaltaguatinga.com.br\/festivalTagua\/11\/assista\/vote\/filme\/56<\/a>)<\/p>\n<p><a href=\"http:\/\/festivaltaguatinga.com.br\/wp-content\/uploads\/2014\/04\/Isabela-Veiga-Diretora.jpg\"><img loading=\"lazy\" decoding=\"async\" class=\"alignnone size-medium wp-image-589\" alt=\"Isabela Veiga Diretora\" src=\"http:\/\/festivaltaguatinga.com.br\/wp-content\/uploads\/2014\/04\/Isabela-Veiga-Diretora-261x300.jpg\" width=\"261\" height=\"300\" srcset=\"https:\/\/festivaltaguatinga.com.br\/blog\/wp-content\/uploads\/2014\/04\/Isabela-Veiga-Diretora-261x300.jpg 261w, https:\/\/festivaltaguatinga.com.br\/blog\/wp-content\/uploads\/2014\/04\/Isabela-Veiga-Diretora.jpg 327w\" sizes=\"auto, (max-width: 261px) 100vw, 261px\" \/><\/a><br \/>\nComo voc\u00ea apresenta o seu curta-metragem?<br \/>\nA velha gulosa mostra a bonita rela\u00e7\u00e3o entre Guilherme e sua av\u00f3, Milza. Em um dia chuvoso, ela resolve contar para o menino a historia de Ceiuci, uma velha gulosa que come todos os seres que encontra pela frente. Trata-se de um mito ind\u00edgena brasileiro e o menino acaba aprendendo uma importante li\u00e7\u00e3o sobre a vida.<\/p>\n<p>O tema do Festival Taguatinga de Cinema deste ano \u00e9 \u201ccultura da paz\u201c. Como voc\u00ea acha que o seu curta dialoga com esse tema?<br \/>\nO tema &#8220;cultura da paz&#8221; dialoga com o filme, na minha opini\u00e3o, quando se apresenta o mito da Velha Gulosa, onde um curumim faz uma chacota com Ceiuci e ela passa a persegui-lo. O personagem encontra ajuda em todos os animais que cruzam seu caminho e, assim, consegue despistar a velha. Mas quando v\u00ea seu reflexo, j\u00e1 est\u00e1 velho e cansado. Este mito nos traz a correria da vida moderna, onde entendemos que a paz est\u00e1 em n\u00f3s mesmos e na rela\u00e7\u00e3o que estabelecemos com o pr\u00f3ximo.<\/p>\n<p>O curta j\u00e1 participou de outros festivais? J\u00e1 foi premiado?<br \/>\nFestivais em que o filme passou: Sele\u00e7\u00e3o oficial da Mostra de Cinema Infantil Cineminha na escola e na pra\u00e7a 2013 (Guarulhos &#8211; SP); Sele\u00e7\u00e3o oficial do ANGATU, frames, rascunho e pipoca (2013 \u2013 Goi\u00e2nia); Sele\u00e7\u00e3o oficial do Festival Internacional de Curtas do Rio de Janeiro \u2013 Curta Cinema 2013; Sele\u00e7\u00e3o oficial do ANIMA-S\u00c3O, 3\u00ba Festival Internacional de Anima\u00e7\u00e3o de S\u00e3o Gon\u00e7alo; Sele\u00e7\u00e3o oficial da 10a Mostra de Cinema Popular Brasileiro, Mem\u00f3ria, Identidade e Pertencimento, Lumiar (RJ); Sele\u00e7\u00e3o oficial do 6\u00ba Festival Nacional de Curta-metragem Curta Taquary, em Taquaritinga do Norte &#8211; PE (Mostra Infantil); Sele\u00e7\u00e3o oficial do CurtaCaraj\u00e1s \u2013 5o Festival de Cinema de Parauapebas (PA); Sele\u00e7\u00e3o oficial da 17a Mostra de Cinema de Tiradentes (MG); Sele\u00e7\u00e3o oficial da Mostra de Cinema Infantil Cineminha na escola e na pra\u00e7a 2014; Sele\u00e7\u00e3o oficial Festival de Jericoacoara \u2013 Cinema Digital (Jericoacoara \u2013 CE). Filme transmitido pela TV universit\u00e1ria UNIESP e pela TV UFG.<\/p>\n<p>Para voc\u00ea, o que significa participar do Festival Taguatinga de Cinema?<br \/>\nParticipar do Festival de Taguatinga significa um retorno \u00e0s origens. Fiz minha gradua\u00e7\u00e3o em Audiovisual na UnB e retornei para minha cidade natal, Goi\u00e2nia, para fazer meu mestrado em Arte e Cultura Visual. A Velha Gulosa \u00e9 o filme resultante desse mestrado e mostr\u00e1-lo no Distrito Federal, o local que me formou profissionalmente e do qual tenho tantas lembran\u00e7as boas, \u00e9 um grande orgulho.<\/p>\n<p>Anderson Legal, diretor de <em>Mamucaba<\/em> (<a href=\"http:\/\/festivaltaguatinga.com.br\/festivalTagua\/11\/assista\/vote\/filme\/79\">http:\/\/festivaltaguatinga.com.br\/festivalTagua\/11\/assista\/vote\/filme\/79<\/a>)<\/p>\n<p><a href=\"http:\/\/festivaltaguatinga.com.br\/wp-content\/uploads\/2014\/04\/Anderson_Legal.jpg\"><img loading=\"lazy\" decoding=\"async\" class=\"alignnone size-medium wp-image-616\" alt=\"Anderson_Legal\" src=\"http:\/\/festivaltaguatinga.com.br\/wp-content\/uploads\/2014\/04\/Anderson_Legal-300x279.jpg\" width=\"300\" height=\"279\" srcset=\"https:\/\/festivaltaguatinga.com.br\/blog\/wp-content\/uploads\/2014\/04\/Anderson_Legal-300x279.jpg 300w, https:\/\/festivaltaguatinga.com.br\/blog\/wp-content\/uploads\/2014\/04\/Anderson_Legal-600x558.jpg 600w, https:\/\/festivaltaguatinga.com.br\/blog\/wp-content\/uploads\/2014\/04\/Anderson_Legal.jpg 960w\" sizes=\"auto, (max-width: 300px) 100vw, 300px\" \/><\/a><br \/>\nComo voc\u00ea apresenta o seu curta-metragem?<br \/>\nResposta em v\u00eddeo:\u00a0<a style=\"line-height: 20px; word-spacing: normal;\" href=\"http:\/\/www.youtube.com\/watch?v=7bkXR6Kxn2s\">http:\/\/www.youtube.com\/watch?v=7bkXR6Kxn2s<\/a><\/p>\n<p>O tema do Festival Taguatinga de Cinema deste ano \u00e9 \u201ccultura da paz\u201c. Como voc\u00ea acha que o seu curta dialoga com esse tema?<br \/>\nO document\u00e1rio Mamucaba dialoga de certa forma com o tema \u201cCultura da Paz\u201d pelo fato do filme expressar uma rotina rudimentar inserida na alma do povo nordestino. O filme foi rodado no Rio Grande do Norte e na Para\u00edba, em cidades que s\u00e3o consideradas polos mundiais na produ\u00e7\u00e3o de redes de dormir. O fato dessa gente estar comprometida verdadeiramente com essa representatividade, enxergo esse trabalho um reflexo de um louv\u00e1vel exerc\u00edcio cidad\u00e3o. Onde h\u00e1 cidadania plena, tende-se a haver paz.<\/p>\n<p>O curta j\u00e1 participou de outros festivais? J\u00e1 foi premiado?<br \/>\nO Mamucaba foi lan\u00e7ado em novembro de 2013, teve sua estreia na Mostra de Cinema de Gostoso, em S\u00e3o Miguel do Gostoso\/ RN. L\u00e1, fomos agraciados com uma Men\u00e7\u00e3o Honrosa. Ainda em novembro, participamos da Mostra Competitiva Estadual do VII Goiamum Audiovisual, em Natal\/ RN. Consideramos a nossa participa\u00e7\u00e3o no 11\u00ba<br \/>\nFestival Taguatinga de Cinema a estreia nacional do Mamucaba. Estamos muito entusiasmados e ansiosos para vivenciarmos o festival.<\/p>\n<p>Para voc\u00ea, o que significa participar do Festival Taguatinga de Cinema? Por que?<br \/>\nComo me referi anteriormente, participar do festival nos envaidece bastante. Em meio a 400 filmes inscritos, sermos selecionados pelo j\u00fari t\u00e9cnico agu\u00e7a a nossa autoestima e nos motiva a produzirmos ainda mais. Estamos muito felizes com o que o Mamucaba vem conquistando.<\/p>\n<p>Jo\u00e3o Guilherme de Carvalho, diretor de <em>Martinha do Coco sua hist\u00f3ria na cultura popular<\/em> (<a href=\"http:\/\/festivaltaguatinga.com.br\/festivalTagua\/11\/assista\/vote\/filme\/458\">http:\/\/festivaltaguatinga.com.br\/festivalTagua\/11\/assista\/vote\/filme\/458<\/a>)<\/p>\n<p><a href=\"http:\/\/festivaltaguatinga.com.br\/wp-content\/uploads\/2014\/04\/Jo\u00e3o_Guilherme.jpg\"><img loading=\"lazy\" decoding=\"async\" class=\"alignnone size-medium wp-image-590\" alt=\"Jo\u00e3o_Guilherme\" src=\"http:\/\/festivaltaguatinga.com.br\/wp-content\/uploads\/2014\/04\/Jo\u00e3o_Guilherme-300x200.jpg\" width=\"300\" height=\"200\" srcset=\"https:\/\/festivaltaguatinga.com.br\/blog\/wp-content\/uploads\/2014\/04\/Jo\u00e3o_Guilherme-300x200.jpg 300w, https:\/\/festivaltaguatinga.com.br\/blog\/wp-content\/uploads\/2014\/04\/Jo\u00e3o_Guilherme-600x400.jpg 600w, https:\/\/festivaltaguatinga.com.br\/blog\/wp-content\/uploads\/2014\/04\/Jo\u00e3o_Guilherme.jpg 960w\" sizes=\"auto, (max-width: 300px) 100vw, 300px\" \/><\/a><br \/>\nComo voc\u00ea apresenta o curta-metragem?<br \/>\nUm pequeno registro sobre a hist\u00f3ria de uma grande artista que temos aqui em Bras\u00edlia: Martinha do Coco.<\/p>\n<p>O tema do Festival Taguatinga de Cinema deste ano \u00e9 \u201ccultura da paz\u201c. Como voc\u00ea acha que o seu curta dialoga com esse tema?<br \/>\nMartinha trabalha pela cultura popular, um resgate fundamental pra todos. Atrav\u00e9s dessa iniciativa \u00e9 poss\u00edvel trabalhar a cultura de paz. A cena art\u00edstica ajuda e valoriza as pessoas da comunidade. Acredito que algumas oportunidades s\u00e3o criadas.<\/p>\n<p>O curta j\u00e1 participou de outros festivais? J\u00e1 foi premiado?<br \/>\nN\u00e3o participamos de nenhum festival.<\/p>\n<p>Para voc\u00ea, o que significa participar do Festival Taguatinga de Cinema?<br \/>\n\u00c9 bacana estar nesse festival, existem filmes excelentes por aqui. Mas o destaque mesmo \u00e9 falar um pouco de Martinha do Coco. Essa visibilidade \u00e9 muito positiva com certeza.<\/p>\n<p>Iulik Lomba de Farias, diretor de <em>O veneno da pira\u00fana<\/em> (<a href=\"http:\/\/festivaltaguatinga.com.br\/festivalTagua\/11\/assista\/vote\/filme\/294\">http:\/\/festivaltaguatinga.com.br\/festivalTagua\/11\/assista\/vote\/filme\/294<\/a>)<\/p>\n<p><a href=\"http:\/\/festivaltaguatinga.com.br\/wp-content\/uploads\/2014\/04\/Iulik.jpg\"><img loading=\"lazy\" decoding=\"async\" class=\"alignnone size-medium wp-image-591\" alt=\"Iulik\" src=\"http:\/\/festivaltaguatinga.com.br\/wp-content\/uploads\/2014\/04\/Iulik-264x300.jpg\" width=\"264\" height=\"300\" srcset=\"https:\/\/festivaltaguatinga.com.br\/blog\/wp-content\/uploads\/2014\/04\/Iulik-264x300.jpg 264w, https:\/\/festivaltaguatinga.com.br\/blog\/wp-content\/uploads\/2014\/04\/Iulik.jpg 397w\" sizes=\"auto, (max-width: 264px) 100vw, 264px\" \/><\/a><br \/>\nEm poucas palavras, como voc\u00ea apresenta o seu curta-metragem?<br \/>\nO curta se trata de uma experimenta\u00e7\u00e3o de linguagem pautada na n\u00e3o exist\u00eancia de fronteira simb\u00f3lica entre as est\u00e9ticas ficcionais e documentais, transitando entre a encena\u00e7\u00e3o dram\u00e1tica teatral e a dramaturgia natural document\u00e1ria. Al\u00e9m de trazer cita\u00e7\u00f5es estil\u00edsticas a cineastas modernos brasileiros, como Glauber Rocha, J\u00falio Bressane e Nelson Pereira dos Santos, a quem o filme \u00e9 dedicado. O trabalho n\u00e3o caracteriza-se por uma narrativa estritamente enrijecida nos modelos cl\u00e1ssicos narrativos por ser delineado em todo sua estrutura no encadeamento po\u00e9tico das imagens, um filme para ser visto, ouvido e sentido, mais do que inteligido.<\/p>\n<p>O tema do Festival Taguatinga de Cinema deste ano \u00e9 \u201ccultura da paz\u201c. Como voc\u00ea acha que o seu curta dialoga com esse tema?<br \/>\nO personagem principal do curta, protagonizado pelo cineasta S\u00e9rgio Santeiro, mesmo empunhado uma espada, representa o her\u00f3i figurativo, aquele que diariamente vence batalhas para assegurar sua pr\u00f3pria sobreviv\u00eancia, livre de a\u00e7\u00f5es violentas ou repugn\u00e1veis, sua for\u00e7a ou voracidade est\u00e1 impl\u00edcita e intr\u00ednseca \u00e0 sua postura dram\u00e1tica de grandiloqu\u00eancia, e suas transforma\u00e7\u00f5es sucessivas e repentinas durante a trajet\u00f3ria do personagem.<\/p>\n<p>O seu curta j\u00e1 participou de outros festivais? J\u00e1 foi premiado?<br \/>\nSim: Semana Cinema Defumado UFF, Mostra UFFilme e Caf\u00e9 e Arte RJ. Ainda n\u00e3o foi premiado.<\/p>\n<p>Para voc\u00ea, o que significa participar do Festival Taguatinga de Cinema?<br \/>\nPara mim \u00e9 de grande import\u00e2ncia a participa\u00e7\u00e3o, principalmente por poder levar ao p\u00fablico de outro estado um pouco de meu trabalho como cineasta\/autor. Sem mencionar o fato de que o mecanismo de sele\u00e7\u00e3o dos curtas via internet dialoga diretamente com minha concep\u00e7\u00e3o de cinema participativo, colaborativo e democratizado. Dessa forma vejo muitas similaridades entre a proposta do festival e meus princ\u00edpios ideol\u00f3gicos e criativos.<\/p>\n<p>Karen Pompeo e Rawi Santos, diretores de <em>Melhor idade \u00e9 o caralho<\/em> (<a href=\"http:\/\/festivaltaguatinga.com.br\/festivalTagua\/11\/assista\/vote\/filme\/106\">http:\/\/festivaltaguatinga.com.br\/festivalTagua\/11\/assista\/vote\/filme\/106<\/a>)<\/p>\n<p><a href=\"http:\/\/festivaltaguatinga.com.br\/wp-content\/uploads\/2014\/04\/EQUIPE_TERCEIRA_IDADE_\u00c9_O_CARALHO_2.jpg\"><img loading=\"lazy\" decoding=\"async\" class=\"alignnone size-medium wp-image-592\" alt=\"EQUIPE_TERCEIRA_IDADE_\u00c9_O_CARALHO_2\" src=\"http:\/\/festivaltaguatinga.com.br\/wp-content\/uploads\/2014\/04\/EQUIPE_TERCEIRA_IDADE_\u00c9_O_CARALHO_2-300x200.jpg\" width=\"300\" height=\"200\" srcset=\"https:\/\/festivaltaguatinga.com.br\/blog\/wp-content\/uploads\/2014\/04\/EQUIPE_TERCEIRA_IDADE_\u00c9_O_CARALHO_2-300x200.jpg 300w, https:\/\/festivaltaguatinga.com.br\/blog\/wp-content\/uploads\/2014\/04\/EQUIPE_TERCEIRA_IDADE_\u00c9_O_CARALHO_2.jpg 450w\" sizes=\"auto, (max-width: 300px) 100vw, 300px\" \/><\/a><br \/>\nComo voc\u00eas apresentam o curta-metragem?<br \/>\nNosso curta \u00e9 o choque entre o idoso, a cultura do jovem da internet e o termo culturalmente aceito \u201cmelhor idade\u201d.<\/p>\n<p>O tema do Festival Taguatinga de Cinema deste ano \u00e9 \u201ccultura da paz\u201c. Como voc\u00ea acha que o seu curta dialoga com esse tema?<br \/>\nCom o intuito de uma cultura de paz muitas vezes criam-se express\u00f5es hip\u00f3critas a favor de um falso melhor conv\u00edvio social e \u201cmelhor idade\u201d \u00e9 um exemplo disso.<\/p>\n<p>O curta j\u00e1 participou de outros festivais? J\u00e1 foi premiado?<br \/>\nCome\u00e7amos a colocar nosso curta em festivais agora. Este foi o primeiro a sair o resultado e ficamos muito felizes por j\u00e1 termos sido selecionados.<\/p>\n<p>Para voc\u00ea, o que significa participar do Festival Taguatinga de Cinema?<br \/>\n\u00c9 muito significativo termos nosso curta selecionado pela primeira vez pelo Festival Taguatinga de Cinema, por ser um festival reconhecido no Brasil. Al\u00e9m de sermos reconhecidos pelo trabalho que fizemos.<\/p>\n<p>D\u00e9bora Guimar\u00e3es, diretora de <em>Atenciosamente, Lo turco<\/em> (<a href=\"http:\/\/festivaltaguatinga.com.br\/festivalTagua\/11\/assista\/vote\/filme\/447\">http:\/\/festivaltaguatinga.com.br\/festivalTagua\/11\/assista\/vote\/filme\/447<\/a>)<\/p>\n<p><a href=\"http:\/\/festivaltaguatinga.com.br\/wp-content\/uploads\/2014\/04\/DEBORA_GUIMARAES.jpg\"><img loading=\"lazy\" decoding=\"async\" class=\"alignnone size-medium wp-image-593\" alt=\"DEBORA_GUIMARAES\" src=\"http:\/\/festivaltaguatinga.com.br\/wp-content\/uploads\/2014\/04\/DEBORA_GUIMARAES-300x199.jpg\" width=\"300\" height=\"199\" srcset=\"https:\/\/festivaltaguatinga.com.br\/blog\/wp-content\/uploads\/2014\/04\/DEBORA_GUIMARAES-300x199.jpg 300w, https:\/\/festivaltaguatinga.com.br\/blog\/wp-content\/uploads\/2014\/04\/DEBORA_GUIMARAES-1024x680.jpg 1024w, https:\/\/festivaltaguatinga.com.br\/blog\/wp-content\/uploads\/2014\/04\/DEBORA_GUIMARAES-600x398.jpg 600w\" sizes=\"auto, (max-width: 300px) 100vw, 300px\" \/><\/a><br \/>\nComo voc\u00ea apresenta o seu curta-metragem?<br \/>\n<em>Atenciosamente, Lo Turco<\/em> conta a hist\u00f3ria de um violino fabricado em 1942 pelo luthier Vincenzo Lo Turco. Em poucas palavras, \u00e9 um filme que fala de mem\u00f3ria e legado, sobre como um objeto pode se tornar um poderoso ponto de liga\u00e7\u00e3o entre as pessoas que o cercam.<br \/>\nO tema do Festival Taguatinga de Cinema deste ano \u00e9 \u201ccultura da paz\u201c. Como voc\u00ea acha que o seu curta dialoga com esse tema?<br \/>\nNeste curta procurei trabalhar com a ideia do cuidado, do afeto. \u00c9 uma forma de resgatar rela\u00e7\u00f5es cada vez mais raras, como o tempo espec\u00edfico da comunica\u00e7\u00e3o atrav\u00e9s de cartas, a preocupa\u00e7\u00e3o com a preserva\u00e7\u00e3o de um instrumento e dos la\u00e7os de amizade.<\/p>\n<p>O curta j\u00e1 participou de outros festivais? J\u00e1 foi premiado?<br \/>\nJ\u00e1 foi exibido em alguns festivais nacionais: Festival Cinesul (RJ), Femina (Festival Internacional de Cinema Feminino &#8211; RJ), Mostra do Filme Livre (RJ), Festival Taquary (PE), Festival Guarnic\u00ea de Cinema (MA), entre outros. Ainda n\u00e3o foi premiado.<\/p>\n<p>Para voc\u00ea, o que significa participar do Festival Taguatinga de Cinema?<br \/>\n\u00c9 um prazer imenso poder exibir o filme em mais um Estado. Em um pa\u00eds t\u00e3o diverso, \u00e9 muito interessante rodar com o curta em diferentes regi\u00f5es e poder observar como ele \u00e9 recebido em cada lugar. E, o mais importante, \u00e9 ver o cinema independente sendo divulgado, ganhando espa\u00e7os de exibi\u00e7\u00e3o e circula\u00e7\u00e3o.<\/p>\n","protected":false},"excerpt":{"rendered":"<p>Solicitamos aos realizadores participantes da mostra competitiva que respondessem uma pequena entrevista comentando seus filmes e a participa\u00e7\u00e3o no Festival Taguatinga de Cinema. As respostas que recebemos (a maioria por escrito e algumas em v\u00eddeos) seguem abaixo. Hoje publicaremos as entrevistas referentes aos filmes que ser\u00e3o exibidos no festival nos dias 23 e 24 de [&hellip;]<\/p>\n","protected":false},"author":12,"featured_media":355,"comment_status":"closed","ping_status":"closed","sticky":false,"template":"","format":"standard","meta":{"footnotes":""},"categories":[5],"tags":[27],"class_list":["post-583","post","type-post","status-publish","format-standard","has-post-thumbnail","hentry","category-noticia","tag-noticia"],"_links":{"self":[{"href":"https:\/\/festivaltaguatinga.com.br\/blog\/wp-json\/wp\/v2\/posts\/583","targetHints":{"allow":["GET"]}}],"collection":[{"href":"https:\/\/festivaltaguatinga.com.br\/blog\/wp-json\/wp\/v2\/posts"}],"about":[{"href":"https:\/\/festivaltaguatinga.com.br\/blog\/wp-json\/wp\/v2\/types\/post"}],"author":[{"embeddable":true,"href":"https:\/\/festivaltaguatinga.com.br\/blog\/wp-json\/wp\/v2\/users\/12"}],"replies":[{"embeddable":true,"href":"https:\/\/festivaltaguatinga.com.br\/blog\/wp-json\/wp\/v2\/comments?post=583"}],"version-history":[{"count":8,"href":"https:\/\/festivaltaguatinga.com.br\/blog\/wp-json\/wp\/v2\/posts\/583\/revisions"}],"predecessor-version":[{"id":618,"href":"https:\/\/festivaltaguatinga.com.br\/blog\/wp-json\/wp\/v2\/posts\/583\/revisions\/618"}],"wp:featuredmedia":[{"embeddable":true,"href":"https:\/\/festivaltaguatinga.com.br\/blog\/wp-json\/wp\/v2\/media\/355"}],"wp:attachment":[{"href":"https:\/\/festivaltaguatinga.com.br\/blog\/wp-json\/wp\/v2\/media?parent=583"}],"wp:term":[{"taxonomy":"category","embeddable":true,"href":"https:\/\/festivaltaguatinga.com.br\/blog\/wp-json\/wp\/v2\/categories?post=583"},{"taxonomy":"post_tag","embeddable":true,"href":"https:\/\/festivaltaguatinga.com.br\/blog\/wp-json\/wp\/v2\/tags?post=583"}],"curies":[{"name":"wp","href":"https:\/\/api.w.org\/{rel}","templated":true}]}}