{"id":546,"date":"2014-04-09T16:12:26","date_gmt":"2014-04-09T19:12:26","guid":{"rendered":"http:\/\/festivaltaguatinga.com.br\/?p=546"},"modified":"2014-04-09T16:18:47","modified_gmt":"2014-04-09T19:18:47","slug":"balanco-da-oficina-de-realizacao-audiovisual","status":"publish","type":"post","link":"https:\/\/festivaltaguatinga.com.br\/blog\/balanco-da-oficina-de-realizacao-audiovisual\/","title":{"rendered":"Balan\u00e7o da Oficina de Realiza\u00e7\u00e3o Audiovisual"},"content":{"rendered":"<p>Desde o dia 27 de mar\u00e7o est\u00e3o sendo ministradas no Teatro da Pra\u00e7a (Taguatinga), \u00e0s ter\u00e7as e quintas, as aulas da Oficina de Realiza\u00e7\u00e3o Audiovisual Popular. O professor William Alves, cineasta e diretor do Festival Taguatinga de Cinema, est\u00e1 animado com a condu\u00e7\u00e3o da oficina e, na entrevista abaixo, faz um balan\u00e7o dessa atividade (que segue at\u00e9 22 de abril).<\/p>\n<p>\u00c9 poss\u00edvel apontar um perfil dos alunos?<br \/>\nSim, \u00e9 um grupo muito diverso. Temos o mais jovem com 18 anos e o mais velho com 50. Al\u00e9m disso, s\u00e3o pessoas de localidades e realidades totalmente diferentes, cada um de uma cidade sat\u00e9lite. Temo um raper de Brazl\u00e2ndia, uma jornalista do Riacho Fundo 2, um blogueiro pol\u00edtico da Ceil\u00e2ndia, um produtor de v\u00eddeos de Taguatinga, um professor de ingl\u00eas da M Norte, uma francesa que mora na Asa Sul (e que retornou para o Brasil h\u00e1 apenas dois meses), uma fot\u00f3grafa e uma antrop\u00f3loga que trabalha com viol\u00eancia dom\u00e9stica. Enfim, \u00e9 um p\u00fablico altamente qualificado e com experi\u00eancias riqu\u00edssimas.<\/p>\n<p>Os alunos j\u00e1 tinham experi\u00eancia audiovisual ou est\u00e3o come\u00e7ando agora?<br \/>\nDe certa forma, a maioria deles j\u00e1 possui experi\u00eancia com audiovisual, ainda que sejam experi\u00eancias mais simples e menos complexas no que diz respeito \u00e0 produ\u00e7\u00e3o. Mas temos tamb\u00e9m aqueles que est\u00e3o come\u00e7ando.<\/p>\n<p>Quais s\u00e3o as d\u00favidas mais constantes dos alunos?<br \/>\nAs d\u00favidas s\u00e3o muitas, desde como se faz um roteiro at\u00e9 como se filma para internet. Mas na medida que caminhamos, percebemos que existem quest\u00f5es primeiras e uma delas \u00e9 desenvolver uma capacidade de compreens\u00e3o e entendimento das imagens cotidianas a que estamos submetidos. Esse entendimento \u00e9 que nos possibilita desenvolver projetos de filmes e v\u00eddeos de maneira mais consciente. A oficina \u00e9 pautada por uma discuss\u00e3o que privilegie a compreens\u00e3o da realidade que nos circunda. Trabalhamos com conceitos de representa\u00e7\u00e3o social, ponto de vista e constru\u00e7\u00e3o da realidade. O objetivo \u00e9 criar um ambiente de reflex\u00e3o sobre a realidade e as imagens que povoam esse universo. E a partir disso construirmos um entendimento coletivo do todo e um certo nivelamento conceitual. Desse ponto em diante, considero que todos est\u00e3o preparados para iniciar os processos de constru\u00e7\u00e3o e realiza\u00e7\u00e3o das narrativas que ser\u00e3o filmadas, pois a oficina \u00e9 de realiza\u00e7\u00e3o audiovisual e objetivamos que os alunos fa\u00e7am filmes &#8211; os quais ser\u00e3o exibidos na cerimonia de encerramento do Festival Taguatinga de Cinema.<\/p>\n<p><a href=\"http:\/\/festivaltaguatinga.com.br\/wp-content\/uploads\/2014\/04\/IMG_0251.jpg\"><img loading=\"lazy\" decoding=\"async\" class=\"alignnone size-medium wp-image-547\" alt=\"IMG_0251\" src=\"http:\/\/festivaltaguatinga.com.br\/wp-content\/uploads\/2014\/04\/IMG_0251-300x200.jpg\" width=\"300\" height=\"200\" srcset=\"https:\/\/festivaltaguatinga.com.br\/blog\/wp-content\/uploads\/2014\/04\/IMG_0251-300x200.jpg 300w, https:\/\/festivaltaguatinga.com.br\/blog\/wp-content\/uploads\/2014\/04\/IMG_0251-1024x682.jpg 1024w, https:\/\/festivaltaguatinga.com.br\/blog\/wp-content\/uploads\/2014\/04\/IMG_0251-600x400.jpg 600w, https:\/\/festivaltaguatinga.com.br\/blog\/wp-content\/uploads\/2014\/04\/IMG_0251.jpg 1300w\" sizes=\"auto, (max-width: 300px) 100vw, 300px\" \/><\/a> <a href=\"http:\/\/festivaltaguatinga.com.br\/wp-content\/uploads\/2014\/04\/IMG_0201.jpg\"><img loading=\"lazy\" decoding=\"async\" class=\"alignnone size-medium wp-image-548\" alt=\"IMG_0201\" src=\"http:\/\/festivaltaguatinga.com.br\/wp-content\/uploads\/2014\/04\/IMG_0201-300x200.jpg\" width=\"300\" height=\"200\" srcset=\"https:\/\/festivaltaguatinga.com.br\/blog\/wp-content\/uploads\/2014\/04\/IMG_0201-300x200.jpg 300w, https:\/\/festivaltaguatinga.com.br\/blog\/wp-content\/uploads\/2014\/04\/IMG_0201-1024x682.jpg 1024w, https:\/\/festivaltaguatinga.com.br\/blog\/wp-content\/uploads\/2014\/04\/IMG_0201-600x400.jpg 600w, https:\/\/festivaltaguatinga.com.br\/blog\/wp-content\/uploads\/2014\/04\/IMG_0201.jpg 1300w\" sizes=\"auto, (max-width: 300px) 100vw, 300px\" \/><\/a> <a href=\"http:\/\/festivaltaguatinga.com.br\/wp-content\/uploads\/2014\/04\/IMG_0204.jpg\"><img loading=\"lazy\" decoding=\"async\" class=\"alignnone size-medium wp-image-549\" alt=\"IMG_0204\" src=\"http:\/\/festivaltaguatinga.com.br\/wp-content\/uploads\/2014\/04\/IMG_0204-300x184.jpg\" width=\"300\" height=\"184\" srcset=\"https:\/\/festivaltaguatinga.com.br\/blog\/wp-content\/uploads\/2014\/04\/IMG_0204-300x184.jpg 300w, https:\/\/festivaltaguatinga.com.br\/blog\/wp-content\/uploads\/2014\/04\/IMG_0204-1024x628.jpg 1024w, https:\/\/festivaltaguatinga.com.br\/blog\/wp-content\/uploads\/2014\/04\/IMG_0204-600x368.jpg 600w, https:\/\/festivaltaguatinga.com.br\/blog\/wp-content\/uploads\/2014\/04\/IMG_0204.jpg 1300w\" sizes=\"auto, (max-width: 300px) 100vw, 300px\" \/><\/a> <a href=\"http:\/\/festivaltaguatinga.com.br\/wp-content\/uploads\/2014\/04\/IMG_0220.jpg\"><img loading=\"lazy\" decoding=\"async\" class=\"alignnone size-medium wp-image-550\" alt=\"IMG_0220\" src=\"http:\/\/festivaltaguatinga.com.br\/wp-content\/uploads\/2014\/04\/IMG_0220-300x200.jpg\" width=\"300\" height=\"200\" srcset=\"https:\/\/festivaltaguatinga.com.br\/blog\/wp-content\/uploads\/2014\/04\/IMG_0220-300x200.jpg 300w, https:\/\/festivaltaguatinga.com.br\/blog\/wp-content\/uploads\/2014\/04\/IMG_0220-1024x682.jpg 1024w, https:\/\/festivaltaguatinga.com.br\/blog\/wp-content\/uploads\/2014\/04\/IMG_0220-600x400.jpg 600w, https:\/\/festivaltaguatinga.com.br\/blog\/wp-content\/uploads\/2014\/04\/IMG_0220.jpg 1300w\" sizes=\"auto, (max-width: 300px) 100vw, 300px\" \/><\/a> <a href=\"http:\/\/festivaltaguatinga.com.br\/wp-content\/uploads\/2014\/04\/IMG_0230.jpg\"><img loading=\"lazy\" decoding=\"async\" class=\"alignnone size-medium wp-image-551\" alt=\"IMG_0230\" src=\"http:\/\/festivaltaguatinga.com.br\/wp-content\/uploads\/2014\/04\/IMG_0230-300x200.jpg\" width=\"300\" height=\"200\" srcset=\"https:\/\/festivaltaguatinga.com.br\/blog\/wp-content\/uploads\/2014\/04\/IMG_0230-300x200.jpg 300w, https:\/\/festivaltaguatinga.com.br\/blog\/wp-content\/uploads\/2014\/04\/IMG_0230-1024x682.jpg 1024w, https:\/\/festivaltaguatinga.com.br\/blog\/wp-content\/uploads\/2014\/04\/IMG_0230-600x400.jpg 600w, https:\/\/festivaltaguatinga.com.br\/blog\/wp-content\/uploads\/2014\/04\/IMG_0230.jpg 1300w\" sizes=\"auto, (max-width: 300px) 100vw, 300px\" \/><\/a> <a href=\"http:\/\/festivaltaguatinga.com.br\/wp-content\/uploads\/2014\/04\/IMG_0233.jpg\"><img loading=\"lazy\" decoding=\"async\" class=\"alignnone size-medium wp-image-552\" alt=\"IMG_0233\" src=\"http:\/\/festivaltaguatinga.com.br\/wp-content\/uploads\/2014\/04\/IMG_0233-300x200.jpg\" width=\"300\" height=\"200\" srcset=\"https:\/\/festivaltaguatinga.com.br\/blog\/wp-content\/uploads\/2014\/04\/IMG_0233-300x200.jpg 300w, https:\/\/festivaltaguatinga.com.br\/blog\/wp-content\/uploads\/2014\/04\/IMG_0233-1024x682.jpg 1024w, https:\/\/festivaltaguatinga.com.br\/blog\/wp-content\/uploads\/2014\/04\/IMG_0233-600x400.jpg 600w, https:\/\/festivaltaguatinga.com.br\/blog\/wp-content\/uploads\/2014\/04\/IMG_0233.jpg 1300w\" sizes=\"auto, (max-width: 300px) 100vw, 300px\" \/><\/a><\/p>\n","protected":false},"excerpt":{"rendered":"<p>Desde o dia 27 de mar\u00e7o est\u00e3o sendo ministradas no Teatro da Pra\u00e7a (Taguatinga), \u00e0s ter\u00e7as e quintas, as aulas da Oficina de Realiza\u00e7\u00e3o Audiovisual Popular. O professor William Alves, cineasta e diretor do Festival Taguatinga de Cinema, est\u00e1 animado com a condu\u00e7\u00e3o da oficina e, na entrevista abaixo, faz um balan\u00e7o dessa atividade (que [&hellip;]<\/p>\n","protected":false},"author":12,"featured_media":358,"comment_status":"closed","ping_status":"closed","sticky":false,"template":"","format":"standard","meta":{"footnotes":""},"categories":[5,6],"tags":[27,28],"class_list":["post-546","post","type-post","status-publish","format-standard","has-post-thumbnail","hentry","category-noticia","category-oficinas","tag-noticia","tag-oficinas"],"_links":{"self":[{"href":"https:\/\/festivaltaguatinga.com.br\/blog\/wp-json\/wp\/v2\/posts\/546","targetHints":{"allow":["GET"]}}],"collection":[{"href":"https:\/\/festivaltaguatinga.com.br\/blog\/wp-json\/wp\/v2\/posts"}],"about":[{"href":"https:\/\/festivaltaguatinga.com.br\/blog\/wp-json\/wp\/v2\/types\/post"}],"author":[{"embeddable":true,"href":"https:\/\/festivaltaguatinga.com.br\/blog\/wp-json\/wp\/v2\/users\/12"}],"replies":[{"embeddable":true,"href":"https:\/\/festivaltaguatinga.com.br\/blog\/wp-json\/wp\/v2\/comments?post=546"}],"version-history":[{"count":7,"href":"https:\/\/festivaltaguatinga.com.br\/blog\/wp-json\/wp\/v2\/posts\/546\/revisions"}],"predecessor-version":[{"id":559,"href":"https:\/\/festivaltaguatinga.com.br\/blog\/wp-json\/wp\/v2\/posts\/546\/revisions\/559"}],"wp:featuredmedia":[{"embeddable":true,"href":"https:\/\/festivaltaguatinga.com.br\/blog\/wp-json\/wp\/v2\/media\/358"}],"wp:attachment":[{"href":"https:\/\/festivaltaguatinga.com.br\/blog\/wp-json\/wp\/v2\/media?parent=546"}],"wp:term":[{"taxonomy":"category","embeddable":true,"href":"https:\/\/festivaltaguatinga.com.br\/blog\/wp-json\/wp\/v2\/categories?post=546"},{"taxonomy":"post_tag","embeddable":true,"href":"https:\/\/festivaltaguatinga.com.br\/blog\/wp-json\/wp\/v2\/tags?post=546"}],"curies":[{"name":"wp","href":"https:\/\/api.w.org\/{rel}","templated":true}]}}