{"id":505,"date":"2014-03-31T11:31:59","date_gmt":"2014-03-31T14:31:59","guid":{"rendered":"http:\/\/festivaltaguatinga.com.br\/?p=505"},"modified":"2014-03-31T11:36:38","modified_gmt":"2014-03-31T14:36:38","slug":"505","status":"publish","type":"post","link":"https:\/\/festivaltaguatinga.com.br\/blog\/505\/","title":{"rendered":"Confira fotos da Oficina de Audiovisual"},"content":{"rendered":"<p>A oficina de Realiza\u00e7\u00e3o Audiovisual Popular come\u00e7ou em 27 de mar\u00e7o. As aulas, sempre \u00e0s ter\u00e7as e quintas, das 14h30 \u00e0s 18h, no Teatro da Pra\u00e7a (Taguatinga Centro), seguem at\u00e9 22 de abril e s\u00e3o ministrada por William Alves, cineasta e diretor do Festival Taguatinga de Cinema. Confira algumas fotos da primeira aula da oficina.<\/p>\n<p><a href=\"http:\/\/festivaltaguatinga.com.br\/wp-content\/uploads\/2014\/03\/IMG_0160.jpg\"><img loading=\"lazy\" decoding=\"async\" class=\"alignnone size-medium wp-image-509\" alt=\"IMG_0160\" src=\"http:\/\/festivaltaguatinga.com.br\/wp-content\/uploads\/2014\/03\/IMG_0160-300x200.jpg\" width=\"300\" height=\"200\" srcset=\"https:\/\/festivaltaguatinga.com.br\/blog\/wp-content\/uploads\/2014\/03\/IMG_0160-300x200.jpg 300w, https:\/\/festivaltaguatinga.com.br\/blog\/wp-content\/uploads\/2014\/03\/IMG_0160-1024x682.jpg 1024w, https:\/\/festivaltaguatinga.com.br\/blog\/wp-content\/uploads\/2014\/03\/IMG_0160-600x400.jpg 600w\" sizes=\"auto, (max-width: 300px) 100vw, 300px\" \/><\/a><\/p>\n<p><a href=\"http:\/\/festivaltaguatinga.com.br\/wp-content\/uploads\/2014\/03\/IMG_0156.jpg\"><img loading=\"lazy\" decoding=\"async\" class=\"alignnone size-medium wp-image-507\" alt=\"IMG_0156\" src=\"http:\/\/festivaltaguatinga.com.br\/wp-content\/uploads\/2014\/03\/IMG_0156-300x199.jpg\" width=\"300\" height=\"199\" srcset=\"https:\/\/festivaltaguatinga.com.br\/blog\/wp-content\/uploads\/2014\/03\/IMG_0156-300x199.jpg 300w, https:\/\/festivaltaguatinga.com.br\/blog\/wp-content\/uploads\/2014\/03\/IMG_0156-1024x682.jpg 1024w, https:\/\/festivaltaguatinga.com.br\/blog\/wp-content\/uploads\/2014\/03\/IMG_0156-600x399.jpg 600w\" sizes=\"auto, (max-width: 300px) 100vw, 300px\" \/><\/a><\/p>\n<p><a href=\"http:\/\/festivaltaguatinga.com.br\/wp-content\/uploads\/2014\/03\/IMG_0158.jpg\"><img loading=\"lazy\" decoding=\"async\" class=\"alignnone size-medium wp-image-508\" alt=\"IMG_0158\" src=\"http:\/\/festivaltaguatinga.com.br\/wp-content\/uploads\/2014\/03\/IMG_0158-300x199.jpg\" width=\"300\" height=\"199\" srcset=\"https:\/\/festivaltaguatinga.com.br\/blog\/wp-content\/uploads\/2014\/03\/IMG_0158-300x199.jpg 300w, https:\/\/festivaltaguatinga.com.br\/blog\/wp-content\/uploads\/2014\/03\/IMG_0158-1024x682.jpg 1024w, https:\/\/festivaltaguatinga.com.br\/blog\/wp-content\/uploads\/2014\/03\/IMG_0158-600x399.jpg 600w\" sizes=\"auto, (max-width: 300px) 100vw, 300px\" \/><\/a><\/p>\n<p>&nbsp;<\/p>\n","protected":false},"excerpt":{"rendered":"<p>A oficina de Realiza\u00e7\u00e3o Audiovisual Popular come\u00e7ou em 27 de mar\u00e7o. As aulas, sempre \u00e0s ter\u00e7as e quintas, das 14h30 \u00e0s 18h, no Teatro da Pra\u00e7a (Taguatinga Centro), seguem at\u00e9 22 de abril e s\u00e3o ministrada por William Alves, cineasta e diretor do Festival Taguatinga de Cinema. Confira algumas fotos da primeira aula da oficina. [&hellip;]<\/p>\n","protected":false},"author":12,"featured_media":356,"comment_status":"closed","ping_status":"closed","sticky":false,"template":"","format":"standard","meta":{"footnotes":""},"categories":[5,6],"tags":[27,28],"class_list":["post-505","post","type-post","status-publish","format-standard","has-post-thumbnail","hentry","category-noticia","category-oficinas","tag-noticia","tag-oficinas"],"_links":{"self":[{"href":"https:\/\/festivaltaguatinga.com.br\/blog\/wp-json\/wp\/v2\/posts\/505","targetHints":{"allow":["GET"]}}],"collection":[{"href":"https:\/\/festivaltaguatinga.com.br\/blog\/wp-json\/wp\/v2\/posts"}],"about":[{"href":"https:\/\/festivaltaguatinga.com.br\/blog\/wp-json\/wp\/v2\/types\/post"}],"author":[{"embeddable":true,"href":"https:\/\/festivaltaguatinga.com.br\/blog\/wp-json\/wp\/v2\/users\/12"}],"replies":[{"embeddable":true,"href":"https:\/\/festivaltaguatinga.com.br\/blog\/wp-json\/wp\/v2\/comments?post=505"}],"version-history":[{"count":4,"href":"https:\/\/festivaltaguatinga.com.br\/blog\/wp-json\/wp\/v2\/posts\/505\/revisions"}],"predecessor-version":[{"id":513,"href":"https:\/\/festivaltaguatinga.com.br\/blog\/wp-json\/wp\/v2\/posts\/505\/revisions\/513"}],"wp:featuredmedia":[{"embeddable":true,"href":"https:\/\/festivaltaguatinga.com.br\/blog\/wp-json\/wp\/v2\/media\/356"}],"wp:attachment":[{"href":"https:\/\/festivaltaguatinga.com.br\/blog\/wp-json\/wp\/v2\/media?parent=505"}],"wp:term":[{"taxonomy":"category","embeddable":true,"href":"https:\/\/festivaltaguatinga.com.br\/blog\/wp-json\/wp\/v2\/categories?post=505"},{"taxonomy":"post_tag","embeddable":true,"href":"https:\/\/festivaltaguatinga.com.br\/blog\/wp-json\/wp\/v2\/tags?post=505"}],"curies":[{"name":"wp","href":"https:\/\/api.w.org\/{rel}","templated":true}]}}