{"id":497,"date":"2014-03-31T11:20:54","date_gmt":"2014-03-31T14:20:54","guid":{"rendered":"http:\/\/festivaltaguatinga.com.br\/?p=497"},"modified":"2014-03-31T11:22:43","modified_gmt":"2014-03-31T14:22:43","slug":"confira-fotos-do-seminario-de-tv-digital","status":"publish","type":"post","link":"https:\/\/festivaltaguatinga.com.br\/blog\/confira-fotos-do-seminario-de-tv-digital\/","title":{"rendered":"Confira fotos do Semin\u00e1rio de TV Digital"},"content":{"rendered":"<p>Na \u00faltima sexta-feira foi realizado o II Semin\u00e1rio de TV Digital Ginga-DF. Ao longo do dia, no audit\u00f3rio do bloco K da Universidade Cat\u00f3lica de Bras\u00edlia, palestrantes discutiram sobre as possibilidades, limita\u00e7\u00f5es e perspectivas da TV Digital no mundo, com enfoque especial no Brasil e Am\u00e9rica Latina. Participaram do evento como palestrantes os profissionais Zalkind Lincoln (DF), Julio Bertolotti (Argentina), Alexandre Kieling (DF), Valdecir Becker (PB), Luiz Fernando (RJ), Cosette Espindola de Castro (DF), Cristiana Feitas (DF) e Andr\u00e9 Barbosa (DF). Confira abaixo algumas fotos do semin\u00e1rio.<\/p>\n<p><a href=\"http:\/\/festivaltaguatinga.com.br\/wp-content\/uploads\/2014\/03\/IMG_0165.jpg\"><img loading=\"lazy\" decoding=\"async\" class=\"alignnone size-medium wp-image-498\" alt=\"IMG_0165\" src=\"http:\/\/festivaltaguatinga.com.br\/wp-content\/uploads\/2014\/03\/IMG_0165-300x200.jpg\" width=\"300\" height=\"200\" srcset=\"https:\/\/festivaltaguatinga.com.br\/blog\/wp-content\/uploads\/2014\/03\/IMG_0165-300x200.jpg 300w, https:\/\/festivaltaguatinga.com.br\/blog\/wp-content\/uploads\/2014\/03\/IMG_0165-1024x682.jpg 1024w, https:\/\/festivaltaguatinga.com.br\/blog\/wp-content\/uploads\/2014\/03\/IMG_0165-600x400.jpg 600w\" sizes=\"auto, (max-width: 300px) 100vw, 300px\" \/><\/a><\/p>\n<p><a href=\"http:\/\/festivaltaguatinga.com.br\/wp-content\/uploads\/2014\/03\/IMG_0167.jpg\"><img loading=\"lazy\" decoding=\"async\" class=\"alignnone size-medium wp-image-499\" alt=\"IMG_0167\" src=\"http:\/\/festivaltaguatinga.com.br\/wp-content\/uploads\/2014\/03\/IMG_0167-300x200.jpg\" width=\"300\" height=\"200\" srcset=\"https:\/\/festivaltaguatinga.com.br\/blog\/wp-content\/uploads\/2014\/03\/IMG_0167-300x200.jpg 300w, https:\/\/festivaltaguatinga.com.br\/blog\/wp-content\/uploads\/2014\/03\/IMG_0167-1024x682.jpg 1024w, https:\/\/festivaltaguatinga.com.br\/blog\/wp-content\/uploads\/2014\/03\/IMG_0167-600x400.jpg 600w\" sizes=\"auto, (max-width: 300px) 100vw, 300px\" \/><\/a><\/p>\n<p><a href=\"http:\/\/festivaltaguatinga.com.br\/wp-content\/uploads\/2014\/03\/IMG_0180.jpg\"><img loading=\"lazy\" decoding=\"async\" class=\"alignnone size-medium wp-image-501\" alt=\"IMG_0180\" src=\"http:\/\/festivaltaguatinga.com.br\/wp-content\/uploads\/2014\/03\/IMG_0180-300x200.jpg\" width=\"300\" height=\"200\" srcset=\"https:\/\/festivaltaguatinga.com.br\/blog\/wp-content\/uploads\/2014\/03\/IMG_0180-300x200.jpg 300w, https:\/\/festivaltaguatinga.com.br\/blog\/wp-content\/uploads\/2014\/03\/IMG_0180-1024x682.jpg 1024w, https:\/\/festivaltaguatinga.com.br\/blog\/wp-content\/uploads\/2014\/03\/IMG_0180-600x400.jpg 600w\" sizes=\"auto, (max-width: 300px) 100vw, 300px\" \/><\/a><\/p>\n<p><a href=\"http:\/\/festivaltaguatinga.com.br\/wp-content\/uploads\/2014\/03\/IMG_0185.jpg\"><img loading=\"lazy\" decoding=\"async\" class=\"alignnone size-medium wp-image-502\" alt=\"IMG_0185\" src=\"http:\/\/festivaltaguatinga.com.br\/wp-content\/uploads\/2014\/03\/IMG_0185-300x200.jpg\" width=\"300\" height=\"200\" srcset=\"https:\/\/festivaltaguatinga.com.br\/blog\/wp-content\/uploads\/2014\/03\/IMG_0185-300x200.jpg 300w, https:\/\/festivaltaguatinga.com.br\/blog\/wp-content\/uploads\/2014\/03\/IMG_0185-1024x682.jpg 1024w, https:\/\/festivaltaguatinga.com.br\/blog\/wp-content\/uploads\/2014\/03\/IMG_0185-600x400.jpg 600w\" sizes=\"auto, (max-width: 300px) 100vw, 300px\" \/><\/a><\/p>\n<p><a href=\"http:\/\/festivaltaguatinga.com.br\/wp-content\/uploads\/2014\/03\/IMG_0196.jpg\"><img loading=\"lazy\" decoding=\"async\" class=\"alignnone size-medium wp-image-503\" alt=\"IMG_0196\" src=\"http:\/\/festivaltaguatinga.com.br\/wp-content\/uploads\/2014\/03\/IMG_0196-300x199.jpg\" width=\"300\" height=\"199\" srcset=\"https:\/\/festivaltaguatinga.com.br\/blog\/wp-content\/uploads\/2014\/03\/IMG_0196-300x199.jpg 300w, https:\/\/festivaltaguatinga.com.br\/blog\/wp-content\/uploads\/2014\/03\/IMG_0196-1024x682.jpg 1024w, https:\/\/festivaltaguatinga.com.br\/blog\/wp-content\/uploads\/2014\/03\/IMG_0196-600x399.jpg 600w\" sizes=\"auto, (max-width: 300px) 100vw, 300px\" \/><\/a><\/p>\n<p><a href=\"http:\/\/festivaltaguatinga.com.br\/wp-content\/uploads\/2014\/03\/IMG_0172.jpg\"><img loading=\"lazy\" decoding=\"async\" class=\"alignnone size-medium wp-image-500\" alt=\"IMG_0172\" src=\"http:\/\/festivaltaguatinga.com.br\/wp-content\/uploads\/2014\/03\/IMG_0172-200x300.jpg\" width=\"200\" height=\"300\" srcset=\"https:\/\/festivaltaguatinga.com.br\/blog\/wp-content\/uploads\/2014\/03\/IMG_0172-200x300.jpg 200w, https:\/\/festivaltaguatinga.com.br\/blog\/wp-content\/uploads\/2014\/03\/IMG_0172-682x1024.jpg 682w, https:\/\/festivaltaguatinga.com.br\/blog\/wp-content\/uploads\/2014\/03\/IMG_0172-600x900.jpg 600w\" sizes=\"auto, (max-width: 200px) 100vw, 200px\" \/><\/a><\/p>\n<p>&nbsp;<\/p>\n<p>&nbsp;<\/p>\n","protected":false},"excerpt":{"rendered":"<p>Na \u00faltima sexta-feira foi realizado o II Semin\u00e1rio de TV Digital Ginga-DF. Ao longo do dia, no audit\u00f3rio do bloco K da Universidade Cat\u00f3lica de Bras\u00edlia, palestrantes discutiram sobre as possibilidades, limita\u00e7\u00f5es e perspectivas da TV Digital no mundo, com enfoque especial no Brasil e Am\u00e9rica Latina. Participaram do evento como palestrantes os profissionais Zalkind [&hellip;]<\/p>\n","protected":false},"author":12,"featured_media":369,"comment_status":"closed","ping_status":"closed","sticky":false,"template":"","format":"standard","meta":{"footnotes":""},"categories":[5],"tags":[],"class_list":["post-497","post","type-post","status-publish","format-standard","has-post-thumbnail","hentry","category-noticia"],"_links":{"self":[{"href":"https:\/\/festivaltaguatinga.com.br\/blog\/wp-json\/wp\/v2\/posts\/497","targetHints":{"allow":["GET"]}}],"collection":[{"href":"https:\/\/festivaltaguatinga.com.br\/blog\/wp-json\/wp\/v2\/posts"}],"about":[{"href":"https:\/\/festivaltaguatinga.com.br\/blog\/wp-json\/wp\/v2\/types\/post"}],"author":[{"embeddable":true,"href":"https:\/\/festivaltaguatinga.com.br\/blog\/wp-json\/wp\/v2\/users\/12"}],"replies":[{"embeddable":true,"href":"https:\/\/festivaltaguatinga.com.br\/blog\/wp-json\/wp\/v2\/comments?post=497"}],"version-history":[{"count":1,"href":"https:\/\/festivaltaguatinga.com.br\/blog\/wp-json\/wp\/v2\/posts\/497\/revisions"}],"predecessor-version":[{"id":504,"href":"https:\/\/festivaltaguatinga.com.br\/blog\/wp-json\/wp\/v2\/posts\/497\/revisions\/504"}],"wp:featuredmedia":[{"embeddable":true,"href":"https:\/\/festivaltaguatinga.com.br\/blog\/wp-json\/wp\/v2\/media\/369"}],"wp:attachment":[{"href":"https:\/\/festivaltaguatinga.com.br\/blog\/wp-json\/wp\/v2\/media?parent=497"}],"wp:term":[{"taxonomy":"category","embeddable":true,"href":"https:\/\/festivaltaguatinga.com.br\/blog\/wp-json\/wp\/v2\/categories?post=497"},{"taxonomy":"post_tag","embeddable":true,"href":"https:\/\/festivaltaguatinga.com.br\/blog\/wp-json\/wp\/v2\/tags?post=497"}],"curies":[{"name":"wp","href":"https:\/\/api.w.org\/{rel}","templated":true}]}}