{"id":485,"date":"2014-03-27T15:04:19","date_gmt":"2014-03-27T18:04:19","guid":{"rendered":"http:\/\/festivaltaguatinga.com.br\/?p=485"},"modified":"2014-03-27T15:04:19","modified_gmt":"2014-03-27T18:04:19","slug":"inscreva-se-na-oficina-de-tv-digital","status":"publish","type":"post","link":"https:\/\/festivaltaguatinga.com.br\/blog\/inscreva-se-na-oficina-de-tv-digital\/","title":{"rendered":"Inscreva-se na Oficina de TV Digital"},"content":{"rendered":"<p>Termina hoje o per\u00edodo de inscri\u00e7\u00e3o para a Oficina de TV Digital, que ser\u00e1 realizada entre 31 de mar\u00e7o e 4 de abril, no laborat\u00f3rio de inform\u00e1tica do bloco K da Universidade Cat\u00f3lica de Bras\u00edlia. A oficina \u00e9 gratuita. As inscri\u00e7\u00f5es podem ser feitas no link: <a href=\"http:\/\/festivaltaguatinga.com.br\/inscricoes\/2014\/seminario\/oficina\">http:\/\/festivaltaguatinga.com.br\/inscricoes\/2014\/seminario\/oficina<\/a>.<\/p>\n<p>Conhe\u00e7a mais sobre a oficina aqui: <a href=\"http:\/\/www.gingadf.com.br\/seminario\/ii\/#\">http:\/\/www.gingadf.com.br\/seminario\/ii\/#<\/a><\/p>\n<p>A oficina ser\u00e1 ministrada por Watson Odilon, aluno de Mestrado em Comunica\u00e7\u00e3o na UCB, p\u00f3s-graduado em Sistemas Distribu\u00eddos pela UnB, trabalha como analista de sistemas do Conselho Federal da OAB, \u00e9 membro da Associa\u00e7\u00e3o Cultural Faisca e Coordenador do Grupo Ginga-DF, tem mais de 13 anos de experi\u00eancia em desenvolvimento de softwares e pelo menos 6 anos em desenvolvimento de aplicativos interativos para TV Digital.<\/p>\n<p>Confira abaixo uma entrevista na qual Watson d\u00e1 alguns detalhes sobre a oficina e seu assunto principal:<\/p>\n<p><strong>Muita gente n\u00e3o sabe o que \u00e9 a TV Digital. Quando algu\u00e9m te pergunta o que \u00e9 a TV Digital, o que voc\u00ea costuma responder?<\/strong><br \/>\nTV Digital \u00e9 a melhora na qualidade do som e da imagem, al\u00e9m dessas duas coisas que j\u00e1 fazem muita diferen\u00e7a no assistir televis\u00e3o, tamb\u00e9m teremos aplica\u00e7\u00f5es interativas, onde o telespectador deixa de ficar numa posi\u00e7\u00e3o passiva na frente da televis\u00e3o e passa a interagir atrav\u00e9s do controle remoto, podendo ver mais informa\u00e7\u00f5es sobre o programa que est\u00e1 assistindo, isso tudo sem necessidade de estar conectado com a internet, agora se tiver conex\u00e3o com a internet ser\u00e1 poss\u00edvel at\u00e9 responder enquetes.<\/p>\n<p><strong>Para voc\u00ea, qual a import\u00e2ncia da TV Digital?<\/strong><br \/>\nUma das principais que posso dizer \u00e9 a inclus\u00e3o social, atrav\u00e9s da TV Digital as pessoas que n\u00e3o possuem acesso a internet poder\u00e3o receber pela televis\u00e3o informa\u00e7\u00f5es \u00fateis sem sair de casa. O Projeto Brasil 4D realizado na Para\u00edba com fam\u00edlias que recebem o Bolsa Fam\u00edlia (<a href=\"http:\/\/www.gingadf.com.br\/blogGinga\/?p=2601\">http:\/\/www.gingadf.com.br\/blogGinga\/?p=2601<\/a>), foi disponibilizado aplicativos interativos com informa\u00e7\u00f5es sobre sa\u00fade, empregos, informa\u00e7\u00f5es financeiras, etc, e mostrou que essas fam\u00edlias conseguiram reduzir despesas.<\/p>\n<p><strong>Na sua percep\u00e7\u00e3o, em quanto tempo os brasileiros encarar\u00e3o a TV Digital como algo do dia a dia, algo que todo mundo usa?<\/strong><br \/>\nIsso acontecer\u00e1 muito r\u00e1pido, s\u00f3 que para isso acontecer o governo tem que divulgar com campanhas nacionais e apresentar os benef\u00edcios que a TV Digital tem.<\/p>\n<p><strong>Os leigos no assunto podem acreditar que estar\u00e3o aptos a fazer uma aplica\u00e7\u00f5es interativas b\u00e1sica para TV Digital depois da oficina?<\/strong><br \/>\nSem d\u00favida, ap\u00f3s essa oficina todos ter\u00e3o conhecimento suficiente para desenvolverem aplica\u00e7\u00f5es b\u00e1sicas utilizando praticamente todas as fun\u00e7\u00f5es do controle remoto.<\/p>\n","protected":false},"excerpt":{"rendered":"<p>Termina hoje o per\u00edodo de inscri\u00e7\u00e3o para a Oficina de TV Digital, que ser\u00e1 realizada entre 31 de mar\u00e7o e 4 de abril, no laborat\u00f3rio de inform\u00e1tica do bloco K da Universidade Cat\u00f3lica de Bras\u00edlia. A oficina \u00e9 gratuita. As inscri\u00e7\u00f5es podem ser feitas no link: http:\/\/festivaltaguatinga.com.br\/inscricoes\/2014\/seminario\/oficina. Conhe\u00e7a mais sobre a oficina aqui: http:\/\/www.gingadf.com.br\/seminario\/ii\/# A [&hellip;]<\/p>\n","protected":false},"author":12,"featured_media":369,"comment_status":"closed","ping_status":"closed","sticky":false,"template":"","format":"standard","meta":{"footnotes":""},"categories":[5,6],"tags":[28,8],"class_list":["post-485","post","type-post","status-publish","format-standard","has-post-thumbnail","hentry","category-noticia","category-oficinas","tag-oficinas","tag-tv-digital"],"_links":{"self":[{"href":"https:\/\/festivaltaguatinga.com.br\/blog\/wp-json\/wp\/v2\/posts\/485","targetHints":{"allow":["GET"]}}],"collection":[{"href":"https:\/\/festivaltaguatinga.com.br\/blog\/wp-json\/wp\/v2\/posts"}],"about":[{"href":"https:\/\/festivaltaguatinga.com.br\/blog\/wp-json\/wp\/v2\/types\/post"}],"author":[{"embeddable":true,"href":"https:\/\/festivaltaguatinga.com.br\/blog\/wp-json\/wp\/v2\/users\/12"}],"replies":[{"embeddable":true,"href":"https:\/\/festivaltaguatinga.com.br\/blog\/wp-json\/wp\/v2\/comments?post=485"}],"version-history":[{"count":2,"href":"https:\/\/festivaltaguatinga.com.br\/blog\/wp-json\/wp\/v2\/posts\/485\/revisions"}],"predecessor-version":[{"id":496,"href":"https:\/\/festivaltaguatinga.com.br\/blog\/wp-json\/wp\/v2\/posts\/485\/revisions\/496"}],"wp:featuredmedia":[{"embeddable":true,"href":"https:\/\/festivaltaguatinga.com.br\/blog\/wp-json\/wp\/v2\/media\/369"}],"wp:attachment":[{"href":"https:\/\/festivaltaguatinga.com.br\/blog\/wp-json\/wp\/v2\/media?parent=485"}],"wp:term":[{"taxonomy":"category","embeddable":true,"href":"https:\/\/festivaltaguatinga.com.br\/blog\/wp-json\/wp\/v2\/categories?post=485"},{"taxonomy":"post_tag","embeddable":true,"href":"https:\/\/festivaltaguatinga.com.br\/blog\/wp-json\/wp\/v2\/tags?post=485"}],"curies":[{"name":"wp","href":"https:\/\/api.w.org\/{rel}","templated":true}]}}