{"id":470,"date":"2014-03-25T10:34:32","date_gmt":"2014-03-25T13:34:32","guid":{"rendered":"http:\/\/festivaltaguatinga.com.br\/?p=470"},"modified":"2014-03-26T22:59:53","modified_gmt":"2014-03-27T01:59:53","slug":"tv-digital-em-debate","status":"publish","type":"post","link":"https:\/\/festivaltaguatinga.com.br\/blog\/tv-digital-em-debate\/","title":{"rendered":"Semin\u00e1rio TV Digital: TV Digital em debate"},"content":{"rendered":"<p>Discutir a TV Digital, suas possibilidades e limita\u00e7\u00f5es, est\u00e1 na pauta do Semin\u00e1rio de Desenvolvimento de TV Digital Ginga-DF, que ser\u00e1 realizado em 28 de mar\u00e7o no audit\u00f3rio M da Universidade Cat\u00f3lica de Bras\u00edlia. Se voc\u00ea acha que existe um consenso sobre a TV Digital, saiba que a coisa n\u00e3o \u00e9 bem assim. Conversamos com dois dos palestrantes que participar\u00e3o do semin\u00e1rio, Cosette Castro e Valdecir Becker (conhe\u00e7a mais sobre eles aqui <a href=\"http:\/\/festivaltaguatinga.com.br\/?p=449\">http:\/\/festivaltaguatinga.com.br\/?p=449<\/a>). Pelas respostas, \u00e9 poss\u00edvel perceber diferentes pontos de vistas sobre o tema e ter uma ideia do quanto o assunto render. Quer participar do semin\u00e1rio? As inscri\u00e7\u00f5es s\u00e3o gratuitas e podem ser feitas aqui no site (<a href=\"http:\/\/festivaltaguatinga.com.br\/inscricoes\/2014\/seminario\/oficina\">http:\/\/festivaltaguatinga.com.br\/inscricoes\/2014\/seminario\/oficina<\/a>) at\u00e9 27 de mar\u00e7o.<\/p>\n<h2><strong>Entrevista com Cosette Castro:<\/strong><\/h2>\n<h3><em>Festival Taguatinga: A TV Digital pode ser considerada revolucion\u00e1ria? Por que?<\/em><\/h3>\n<p>Cosette: Tenho afirmado que a TVD \u00e9 revolucionaria sempre e quando utilizar o Ginga, o middleware (camadas de software) brasileiro desenvolvido em c\u00f3digo livre que permite a interatividade pela TV aberta. A possibilidade de que as audi\u00eancias participem atrav\u00e9s do controle remoto podendo &#8220;dialogar&#8221; com as empresas de televis\u00e3o (p\u00fablicas e privadas), altera o status de audi\u00eancia passiva que durante tanto tempo o p\u00fablico sofreu. Al\u00e9m disso, a TVD interativa colabora para a melhoria da qualidade de vida das popula\u00e7\u00f5es de baixa renda, outro fator revolucion\u00e1rio quando se planeja um pa\u00eds igual pra todos.<\/p>\n<h3><em>Festival Taguatinga: Na sua vis\u00e3o, em quanto tempo o brasileiro estar\u00e1 acostumado a assistir, interagir e produzir (em escala consider\u00e1vel) para a TV Digital?<\/em><\/h3>\n<p>Cosette: Rapidinho, como mostram as capacita\u00e7\u00f5es realizadas em Jo\u00e3o Pessoa (PB), em Ceil\u00e2ndia e Samambaia junto \u00e0 popula\u00e7\u00f5es de baixa renda. Se houvesse campanha nacional, as pessoas aprenderiam em um dia a utilizar a interatividade na TV aberta. J\u00e1 a produ\u00e7\u00e3o de conte\u00fados demora um pouco mais. Precisa de capacita\u00e7\u00e3o e essa capacita\u00e7\u00e3o demora em m\u00e9dia uma semana, dependendo do p\u00fablico.<\/p>\n<h3><em>Festival Taguatinga: Sobre qual assunto que a senhora debater\u00e1 no Semin\u00e1rio?<\/em><\/h3>\n<p>Cosette: Vou falar sobre a produ\u00e7\u00e3o de conte\u00fados audiovisuais interativos como estrat\u00e9gia de desenvolvimento na Am\u00e9rica Latina. Esse foi o meu trabalho de p\u00f3s-doutorado em 2011 e o atualizei. Analiso cinco pa\u00edses e como est\u00e3o se preparando para sair da condi\u00e7\u00e3o de compradores de conte\u00fados audiovisuais digitais pra se prepararem para serem produtores de conte\u00fados. Vou falar sobre os casos brasileiro, uruguaio, argentino e venezuelano.<\/p>\n<h2><strong>Entrevista com Valdecir Becker:<\/strong><\/h2>\n<h3><em>Festival Taguatinga: A TV Digital pode ser considerada revolucion\u00e1ria? Por que?<\/em><\/h3>\n<p>Valdecir: N\u00e3o. Ao contr\u00e1rio do que se imaginava h\u00e1 10 anos, pouca coisa mudou com a TV digital. As emissoras continuam as mesmas, n\u00e3o houve mudan\u00e7a no modelo de neg\u00f3cio, a interatividade plena continua uma promessa. A \u00fanica mudan\u00e7a que de fato aconteceu foi a melhora da qualidade do som e da imagem, o que n\u00e3o \u00e9 pouca coisa, mas \u00e9 insuficiente para consideramos a TV digital uma revolu\u00e7\u00e3o.<\/p>\n<h3><em>Festival Taguatinga: Na sua vis\u00e3o, em quanto tempo o brasileiro estar\u00e1 acostumado a assistir, interagir e produzir (em escala consider\u00e1vel) para a TV Digital?<\/em><\/h3>\n<p>Valdecir: Assistir \u00e9 um processo de aquisi\u00e7\u00e3o da tecnologia. \u00c9 paulatino e gradual. Creio que em cinco anos a maior parte da popula\u00e7\u00e3o tenha pelo menos uma TV digital em casa. Interagir depende da aceita\u00e7\u00e3o do p\u00fablico, porque a interatividade que as emissoras est\u00e3o propondo ainda \u00e9 pobre em termos de recursos ou mal feita em termos de implementa\u00e7\u00e3o. Se continuar assim, n\u00e3o teremos interatividade na TV. Produzir, n\u00e3o vejo como. Trata-se de uma utopia achar que um cidad\u00e3o n\u00e3o dono de emissora ou de produtora possa gerar algum conte\u00fado n\u00e3o espor\u00e1dico para uma emissora de TV. Existem problemas tecnol\u00f3gicos e de modelo de neg\u00f3cios.<\/p>\n<h3><em>Festival Taguatinga: Sobre qual assunto que o senhor debater\u00e1 no Semin\u00e1rio?<\/em><\/h3>\n<p>Valdecir: Vou falar sobre tend\u00eancias do audiovisual como um todo, pensando na evolu\u00e7\u00e3o da TV digital. Isso inclui 4K, 3D, segunda tela, envolvimento do telespectador com o conte\u00fado, engajamento e uso das novas tecnologias audiovisuais para educa\u00e7\u00e3o. Do ponto de vista da produ\u00e7\u00e3o, n\u00e3o h\u00e1 mais separa\u00e7\u00e3o entre TV, cinema e internet. As ferramentas e t\u00e9cnicas s\u00e3o as mesmas, o que muda \u00e9 a forma como o espectador consome e usa o conte\u00fado. O amplo acesso a m\u00eddias digitais e o aumento da velocidade da internet est\u00e1 gerando um novo patamar de interatividade, onde o conte\u00fado \u00e9 produzido a partir do espectador, e n\u00e3o simplesmente para ele, como acontecia com o cinema e a TV do s\u00e9culo passado. Conte\u00fados over the top (OTT) e a segunda tela est\u00e3o colocando em xeque o modelo tradicional de TV (e por extens\u00e3o, do cinema).<\/p>\n","protected":false},"excerpt":{"rendered":"<p>Discutir a TV Digital, suas possibilidades e limita\u00e7\u00f5es, est\u00e1 na pauta do Semin\u00e1rio de Desenvolvimento de TV Digital Ginga-DF, que ser\u00e1 realizado em 28 de mar\u00e7o no audit\u00f3rio M da Universidade Cat\u00f3lica de Bras\u00edlia. Se voc\u00ea acha que existe um consenso sobre a TV Digital, saiba que a coisa n\u00e3o \u00e9 bem assim. Conversamos com [&hellip;]<\/p>\n","protected":false},"author":12,"featured_media":372,"comment_status":"closed","ping_status":"closed","sticky":false,"template":"","format":"standard","meta":{"footnotes":""},"categories":[5],"tags":[7,8],"class_list":["post-470","post","type-post","status-publish","format-standard","has-post-thumbnail","hentry","category-noticia","tag-seminario","tag-tv-digital"],"_links":{"self":[{"href":"https:\/\/festivaltaguatinga.com.br\/blog\/wp-json\/wp\/v2\/posts\/470","targetHints":{"allow":["GET"]}}],"collection":[{"href":"https:\/\/festivaltaguatinga.com.br\/blog\/wp-json\/wp\/v2\/posts"}],"about":[{"href":"https:\/\/festivaltaguatinga.com.br\/blog\/wp-json\/wp\/v2\/types\/post"}],"author":[{"embeddable":true,"href":"https:\/\/festivaltaguatinga.com.br\/blog\/wp-json\/wp\/v2\/users\/12"}],"replies":[{"embeddable":true,"href":"https:\/\/festivaltaguatinga.com.br\/blog\/wp-json\/wp\/v2\/comments?post=470"}],"version-history":[{"count":5,"href":"https:\/\/festivaltaguatinga.com.br\/blog\/wp-json\/wp\/v2\/posts\/470\/revisions"}],"predecessor-version":[{"id":476,"href":"https:\/\/festivaltaguatinga.com.br\/blog\/wp-json\/wp\/v2\/posts\/470\/revisions\/476"}],"wp:featuredmedia":[{"embeddable":true,"href":"https:\/\/festivaltaguatinga.com.br\/blog\/wp-json\/wp\/v2\/media\/372"}],"wp:attachment":[{"href":"https:\/\/festivaltaguatinga.com.br\/blog\/wp-json\/wp\/v2\/media?parent=470"}],"wp:term":[{"taxonomy":"category","embeddable":true,"href":"https:\/\/festivaltaguatinga.com.br\/blog\/wp-json\/wp\/v2\/categories?post=470"},{"taxonomy":"post_tag","embeddable":true,"href":"https:\/\/festivaltaguatinga.com.br\/blog\/wp-json\/wp\/v2\/tags?post=470"}],"curies":[{"name":"wp","href":"https:\/\/api.w.org\/{rel}","templated":true}]}}