{"id":451,"date":"2014-03-24T09:33:07","date_gmt":"2014-03-24T12:33:07","guid":{"rendered":"http:\/\/festivaltaguatinga.com.br\/?p=451"},"modified":"2014-03-24T10:51:15","modified_gmt":"2014-03-24T13:51:15","slug":"festival-taguatinga-de-cinema-veja-a-programacao-oficial","status":"publish","type":"post","link":"https:\/\/festivaltaguatinga.com.br\/blog\/festival-taguatinga-de-cinema-veja-a-programacao-oficial\/","title":{"rendered":"Festival Taguatinga de Cinema: Veja a programa\u00e7\u00e3o oficial"},"content":{"rendered":"<h1>11\u00aa edi\u00e7\u00e3o do Festival Taguatinga de Cinema divulga programa\u00e7\u00e3o oficial<\/h1>\n<p><em>11\u00ba FESTIVAL TAGUATINGA DE CINEMA tem como tema a Cultura de Paz e ser\u00e1 realizado entre 23 e 26 de abril de 2014 no Teatro da Pra\u00e7a em Taguatinga<\/em><\/p>\n<p>Definida a programa\u00e7\u00e3o da 11\u00aa edi\u00e7\u00e3o do Festival Taguatinga de Cinema. Mais de 400 curtas-metragens de todo o Brasil se inscreveram e ainda podem ser vistos pelo p\u00fablico no site www.festivaltaguatinga.com.br. O voto popular elegeu 10 filmes para integrar a mostra competitiva, que ser\u00e1 exibida entre os dias 23 e 26 de abril, no Teatro da Pra\u00e7a, em Taguatinga. Al\u00e9m dos 10 filmes escolhidos pelo p\u00fablico comp\u00f5em a mostra mais 23 filmes inscritos escolhidos pela curadoria. Veja abaixo a rela\u00e7\u00e3o.<\/p>\n<p>O Festival Taguatinga de Cinema tem como princ\u00edpio b\u00e1sico estimular a produ\u00e7\u00e3o de filmes independentes realizados em contextos de emancipa\u00e7\u00e3o sociocultural (filmes de movimentos sociais e ativismo), filmes de forma\u00e7\u00e3o (primeiros filmes), experimentais, art\u00edsticos e po\u00e9ticos, mas tamb\u00e9m filmes realizados fora desses contextos, com qualquer tipo de fomento. Dessa forma visamos promover a amplia\u00e7\u00e3o do olhar na exibi\u00e7\u00e3o dos diversos formatos de produ\u00e7\u00e3o audiovisual, uma necessidade diante da atual realidade do suporte digital. Essa nova realidade carrega um modo diferente de se pensar e produzir filmes.<\/p>\n<p>Vota\u00e7\u00e3o on-line &#8211; Este ano o Festival tamb\u00e9m acontece na internet, onde os filmes puderam ser assistidos e votados. Os 10 filmes mais votados no site s\u00e3o convidados juntamente com seu representante a participarem da mostra competitiva do Festival Taguatinga de cinema, entre os dias 23 e 26 de abril de 2014 no Teatro da Pra\u00e7a, com todas as despesas pagas.<\/p>\n<p>O Festival Taguatinga de Cinema oferece um ba\u00fa cheio de novos filmes a serem compartilhados, uma rica e diversa produ\u00e7\u00e3o independente, popular, de baixo custo, crescente em um Brasil que utiliza cada vez mais as novas tecnologias como ferramenta de reflex\u00e3o social. Novos cineastas e novas escrituras surgindo, realidades e personagens se revelando e a possibilidade de divertir-se com o que \u00e9 e pode ser esse nosso aut\u00eantico e novo cinema brasileiro.<\/p>\n<p>A d\u00e9cima primeira edi\u00e7\u00e3o do Festival promove, seguindo a linha iniciada em 2012 com a homenagem ao Profeta Gentileza, a valoriza\u00e7\u00e3o e difus\u00e3o do conceito de Cultura de Paz e prop\u00f5e discuss\u00f5es acerca do bom conv\u00edvio social, ecologia, humaniza\u00e7\u00e3o das cidades, gentileza urbana e social. De acordo com a ONU (Organiza\u00e7\u00e3o das Na\u00e7\u00f5es Unidas) Cultura de Paz: \u201c\u00e9 um conjunto de valores, atitudes, comportamentos e modos de vida que rejeitam a viol\u00eancia e previnem os conflitos, atacando suas causas para resolver os problemas atrav\u00e9s do di\u00e1logo e negocia\u00e7\u00e3o entre indiv\u00edduos, grupos e na\u00e7\u00f5es\u201d (resolu\u00e7\u00f5es da ONU A\/RES\/52\/13: Cultura de Paz e A\/RES\/53\/243, Declara\u00e7\u00e3o e Programa de A\u00e7\u00e3o sobre uma Cultura de Paz).<\/p>\n<p>O Festival Taguatinga de Cinema conta com o patroc\u00ednio do FAC (Fundo de Apoio \u00e0 Cultura do Distrito Federal).<\/p>\n<h3>Sele\u00e7\u00e3o dos filmes<\/h3>\n<p>Foram selecionadas 33 obras para o 11\u00aa FESTIVAL TAGUATINGA DE CINEMA em sua Mostra Competitiva, que acontecer\u00e1 no Centro Cultural do Teatro da Pra\u00e7a em Taguatinga entre os 23 e 26 de abril de 2014. A Sele\u00e7\u00e3o se deu em tr\u00eas etapas:<\/p>\n<ol>\n<li><span style=\"word-spacing: normal;\">Sele\u00e7\u00e3o por Curadoria de 19 obras inscritas via internet;<\/span><\/li>\n<li><span style=\"word-spacing: normal;\">Sele\u00e7\u00e3o por Voto Popular de 10 obras inscritas via internet (filmes mais votados);<\/span><\/li>\n<li><span style=\"word-spacing: normal;\">Sele\u00e7\u00e3o por Convite do Festival de quatro obras inscritas ou n\u00e3o no Festival;<\/span><\/li>\n<\/ol>\n<p>Os filmes que participam da mostra competitiva concorrem por um pr\u00eamio de R$ 5 mil para o primeiro colocado, R$ 2 mil para o segundo e de Mil Reais para o terceiro. Sobre esses valores ser\u00e3o descontados os encargos tribut\u00e1rios.<\/p>\n<p>Informa\u00e7\u00f5es: cinema@festivaltaguatinga.com.br<\/p>\n<h2 style=\"text-align: center;\">PROGRAMA\u00c7\u00c3O 11\u00ba FESTIVAL TAGUATINGA DE CINEMA<\/h2>\n<p><strong>CERIM\u00d4NIA DE ABERTURA\u00a0<\/strong><strong>23\/04 20h Teatro da Pra\u00e7a<\/strong><\/p>\n<p><strong>MOSTRA COMPETITIVA\u00a0<strong>23\/04 20h30 Teatro da Pra\u00e7a<\/strong><\/strong><\/p>\n<ul>\n<li><span style=\"word-spacing: normal;\">Homem de bem<\/span><\/li>\n<li><span style=\"word-spacing: normal;\">Roberto no pa\u00eds dos justos<\/span><\/li>\n<li><span style=\"word-spacing: normal;\">Meu nome \u00e9 F\u00e1bio<\/span><\/li>\n<li><span style=\"word-spacing: normal;\">Meu amigo Nietzsche<\/span><\/li>\n<li><span style=\"word-spacing: normal;\">Somos todos<\/span><\/li>\n<li><span style=\"word-spacing: normal;\">Preto ou branco!<\/span><\/li>\n<li><span style=\"word-spacing: normal;\">Os silenciados n\u00e3o mudam o mundo<\/span><\/li>\n<li><span style=\"word-spacing: normal;\"><strong>Convidado<\/strong>: Caravana Gri\u00f4<\/span><\/li>\n<\/ul>\n<p><strong><strong>MOSTRA COMPETITIVA\u00a0<\/strong>23\/04 20h30 Teatro da Pra\u00e7a<\/strong><\/p>\n<ul>\n<li><span style=\"word-spacing: normal;\">A velha gulosa<\/span><\/li>\n<li><span style=\"word-spacing: normal;\">Mamucaba<\/span><\/li>\n<li><span style=\"word-spacing: normal;\">Martinha do Coco sua hist\u00f3ria na cultura popular<\/span><\/li>\n<li><span style=\"word-spacing: normal;\">Afrozimbatera<\/span><\/li>\n<li><span style=\"word-spacing: normal;\">O veneno da pira\u00fana<\/span><\/li>\n<li><span style=\"word-spacing: normal;\">Nessa cidade todo mundo j\u00e1 bebeu na bica<\/span><\/li>\n<li><span style=\"word-spacing: normal;\">Melhor idade \u00e9 o caralho<\/span><\/li>\n<li><span style=\"word-spacing: normal;\">Atenciosamente, Lo turco<\/span><\/li>\n<li><span style=\"word-spacing: normal;\"><strong>Convidado<\/strong>: A navalha do av\u00f4<\/span><\/li>\n<\/ul>\n<p><strong>MOSTRA COMPETITIVA\u00a025\/04 20h Teatro da Pra\u00e7a<\/strong><\/p>\n<ul>\n<li><span style=\"word-spacing: normal;\">Cora\u00e7\u00e3o magoado<\/span><\/li>\n<li><span style=\"word-spacing: normal;\">O analisando e a corujaLinha do mar<\/span><\/li>\n<li><span style=\"word-spacing: normal;\">Obrigada por me deixar assim<\/span><\/li>\n<li><span style=\"word-spacing: normal;\">Cowboy<\/span><\/li>\n<li><span style=\"word-spacing: normal;\">O her\u00f3i noir<\/span><\/li>\n<li><span style=\"word-spacing: normal;\">Destinos<\/span><\/li>\n<\/ul>\n<p><strong>MOSTRA COMPETITIVA\u00a026\/04 20h Teatro da Pra\u00e7a<\/strong><\/p>\n<ul>\n<li><span style=\"word-spacing: normal;\">Requ\u00edlia<\/span><\/li>\n<li><span style=\"word-spacing: normal;\">O azul de Beatriz<\/span><\/li>\n<li><span style=\"word-spacing: normal;\">O p\u00e9 de bico<\/span><\/li>\n<li><span style=\"word-spacing: normal;\">Vixe boy, dei valor!<\/span><\/li>\n<li><span style=\"word-spacing: normal;\">Livre, leve e solto<\/span><\/li>\n<li><span style=\"word-spacing: normal;\">Um amor, duas vidas<\/span><\/li>\n<li><span style=\"word-spacing: normal;\">Quimera<\/span><\/li>\n<li><span style=\"word-spacing: normal;\"><strong>Convidado<\/strong>: RAP, Canto da Ceil\u00e2ndia<\/span><\/li>\n<li><span style=\"word-spacing: normal;\"><strong>Convidado<\/strong>: Brasilia segundo feldman<\/span><\/li>\n<\/ul>\n<p><span style=\"word-spacing: normal;\">\u00a0<\/span><\/p>\n","protected":false},"excerpt":{"rendered":"<p>11\u00aa edi\u00e7\u00e3o do Festival Taguatinga de Cinema divulga programa\u00e7\u00e3o oficial 11\u00ba FESTIVAL TAGUATINGA DE CINEMA tem como tema a Cultura de Paz e ser\u00e1 realizado entre 23 e 26 de abril de 2014 no Teatro da Pra\u00e7a em Taguatinga Definida a programa\u00e7\u00e3o da 11\u00aa edi\u00e7\u00e3o do Festival Taguatinga de Cinema. Mais de 400 curtas-metragens de [&hellip;]<\/p>\n","protected":false},"author":12,"featured_media":356,"comment_status":"closed","ping_status":"closed","sticky":false,"template":"","format":"standard","meta":{"footnotes":""},"categories":[5],"tags":[],"class_list":["post-451","post","type-post","status-publish","format-standard","has-post-thumbnail","hentry","category-noticia"],"_links":{"self":[{"href":"https:\/\/festivaltaguatinga.com.br\/blog\/wp-json\/wp\/v2\/posts\/451","targetHints":{"allow":["GET"]}}],"collection":[{"href":"https:\/\/festivaltaguatinga.com.br\/blog\/wp-json\/wp\/v2\/posts"}],"about":[{"href":"https:\/\/festivaltaguatinga.com.br\/blog\/wp-json\/wp\/v2\/types\/post"}],"author":[{"embeddable":true,"href":"https:\/\/festivaltaguatinga.com.br\/blog\/wp-json\/wp\/v2\/users\/12"}],"replies":[{"embeddable":true,"href":"https:\/\/festivaltaguatinga.com.br\/blog\/wp-json\/wp\/v2\/comments?post=451"}],"version-history":[{"count":7,"href":"https:\/\/festivaltaguatinga.com.br\/blog\/wp-json\/wp\/v2\/posts\/451\/revisions"}],"predecessor-version":[{"id":456,"href":"https:\/\/festivaltaguatinga.com.br\/blog\/wp-json\/wp\/v2\/posts\/451\/revisions\/456"}],"wp:featuredmedia":[{"embeddable":true,"href":"https:\/\/festivaltaguatinga.com.br\/blog\/wp-json\/wp\/v2\/media\/356"}],"wp:attachment":[{"href":"https:\/\/festivaltaguatinga.com.br\/blog\/wp-json\/wp\/v2\/media?parent=451"}],"wp:term":[{"taxonomy":"category","embeddable":true,"href":"https:\/\/festivaltaguatinga.com.br\/blog\/wp-json\/wp\/v2\/categories?post=451"},{"taxonomy":"post_tag","embeddable":true,"href":"https:\/\/festivaltaguatinga.com.br\/blog\/wp-json\/wp\/v2\/tags?post=451"}],"curies":[{"name":"wp","href":"https:\/\/api.w.org\/{rel}","templated":true}]}}