{"id":449,"date":"2014-03-23T19:49:26","date_gmt":"2014-03-23T22:49:26","guid":{"rendered":"http:\/\/festivaltaguatinga.com.br\/?p=449"},"modified":"2014-03-23T19:49:26","modified_gmt":"2014-03-23T22:49:26","slug":"seminario-tv-digital-conheca-os-palestrantes","status":"publish","type":"post","link":"https:\/\/festivaltaguatinga.com.br\/blog\/seminario-tv-digital-conheca-os-palestrantes\/","title":{"rendered":"Semin\u00e1rio TV Digital: Conhe\u00e7a os palestrantes"},"content":{"rendered":"<p>Um dos objetivos do Festival Taguatinga de Cinema \u00e9 oferecer cursos, oficinas e semin\u00e1rios que auxiliem na forma\u00e7\u00e3o de novos profissionais e sirvam de complemento para aqueles que j\u00e1 trabalham na \u00e1rea. Em parceria com a Ginga-DF e a Associa\u00e7\u00e3o Cultural FAISCA, o festival promover\u00e1 em 28 de mar\u00e7o, das 8h \u00e0s 12h e das 14h \u00e0s 18h, o II Semin\u00e1rio de Desenvolvimento em TV Digital &#8211; Ginga-DF, que ser\u00e1 realizado no audit\u00f3rio do bloco M da Universidade Cat\u00f3lica de Bras\u00edlia (EPCT QS 07 Lote 01, Taguatinga Sul \u2013 DF). O semin\u00e1rio \u00e9 gratuito e as inscri\u00e7\u00f5es estar\u00e3o abertas at\u00e9 o dia 27 de mar\u00e7o pelo link <a href=\"http:\/\/festivaltaguatinga.com.br\/inscricoes\/2014\/seminario\/oficina\">http:\/\/festivaltaguatinga.com.br\/inscricoes\/2014\/seminario\/oficina<\/a>.<\/p>\n<p>No site <a href=\"http:\/\/www.gingadf.com.br\/seminario\/ii\/#\">http:\/\/www.gingadf.com.br\/seminario\/ii\/#<\/a> voc\u00ea poder\u00e1 conhecer os assuntos que estar\u00e3o em debate e os hor\u00e1rios de cada palestra. Segue abaixo o perfil da cada um dos palestrantes, todos eles profissionais com anos de experi\u00eancia e grande conhecimento em TV Digital. Nos pr\u00f3ximos dias, confira aqui no site entrevistas com alguns dos palestrantes sobre esta \u00e1rea da produ\u00e7\u00e3o audiovisual que est\u00e1 em franca expans\u00e3o.<\/p>\n<p>Zalkind Lincoln (DF)<br \/>\nPalestrante internacional e empreendedor serial com mais de 20 anos de experi\u00eancia, possui mestrado em engenharia de software e vem contribuindo para a especifica\u00e7\u00e3o e divulga\u00e7\u00e3o do padr\u00e3o brasileiro de TV digital em v\u00e1rios pa\u00edses da Am\u00b4rrica do Sul, Am\u00e9rica Central e \u00c1frica.<\/p>\n<p>Julio Bertolotti (Argentina)<br \/>\nProfessor p\u00f3s-graduado em ind\u00fastria cultural na Universidad Nacional de Tres de Febrero (Buenos Aires), diretor no NeoTVLab \u2013 UNTREF, diretor-adjunto do Centro de Produ\u00e7\u00e3o Audiovisual na Universidad Nacional de Tres de Febrero.<\/p>\n<p>Alexandre Kieling (DF)<br \/>\nPossui gradua\u00e7\u00e3o em Comunica\u00e7\u00e3o Social pela Universidade Federal de Santa Maria (RS) (1985), especializa\u00e7\u00e3o em cinema e TV (2000) mestrado (2004) e doutorado (2009) em Ci\u00eancias da Comunica\u00e7\u00e3o pela Universidade do Vale do Rio dos Sinos (RS). Desenvolveu uma pesquisa sobre interatividade na TV, tendo feito est\u00e1gio doutoral na Sorbonne Nouvelle Paris 3, na Fran\u00e7a. \u00c9 professor do Programa de Mestrado em Comunica\u00e7\u00e3o e da Gradua\u00e7\u00e3o em Comunica\u00e7\u00e3o da Universidade Cat\u00f3lica de Bras\u00edlia. Tem experi\u00eancia em produ\u00e7\u00e3o e gest\u00e3o de realiza\u00e7\u00e3o audiovisual, especialmente em televis\u00e3o. Atua e pesquisa com \u00eanfase nos seguintes temas: digitaliza\u00e7\u00e3o das m\u00eddias, TV digital, televis\u00e3o brasileira, interatividade.<\/p>\n<p>Valdecir Becker (PB)<br \/>\n\u00c9 jornalista, mestre em engenharia e gest\u00e3o do conhecimento (2006,UFSC) e doutor em ci\u00eancias (engenharia el\u00e9trica, 2011, USP). Professor no Centro de Inform\u00e1tica da Universidade Federal da Para\u00edba (UFPB) e pesquisador do LAViD &#8211; Grupo de Pesquisa em Aplica\u00e7\u00f5es de V\u00eddeo Digital. Tamb\u00e9m \u00e9 vice-diretor editorial da Sociedade Brasileira de Engenharia de TV (SET). Ao longo dos anos, participou de v\u00e1rios projetos acad\u00eamicos relacionados \u00e0 digitaliza\u00e7\u00e3o da TV, estudando novos formatos de conte\u00fados convergentes e multiplataformas. \u00c9 autor de livros e artigos cient\u00edficos sobre TV digital, interatividade, audi\u00eancia, IHC, usabilidade e transm\u00eddia.<\/p>\n<p>Luiz Fernando (RJ)<br \/>\nFormado em engenharia el\u00e9trica-eletr\u00f4nica, pela Pontif\u00edcia Universidade Cat\u00f3lica do Rio de Janeiro. Obteve o M.Sc. em engenharia el\u00e9trica pela mesma universidade, assim como o doutorado em inform\u00e1tica. O p\u00f3s-doutorado em ci\u00eancia da computa\u00e7\u00e3o foi obtido pela \u00c9cole Nationale Superieure des T\u00e9l\u00e9communications &#8211; Paris. Membro titular da Academia Nacional de Engenharia. Professor Titular do Departamento de Inform\u00e1tica da Pontif\u00edcia Universidade Cat\u00f3lica do Rio de Janeiro. Foi o respons\u00e1vel pelo desenvolvimento do middleware Ginga-NCL do Sistema Brasileiro de TV Digital e Recomenda\u00e7\u00e3o ITU-T para servi\u00e7os IPTV. \u00c9 o atual representante da academia no M\u00f3dulo T\u00e9cnico da C\u00e2mara Executiva do F\u00f3rum de TV Digital Brasileiro e de seu Conselho Deliberativo. \u00c9 co-editor do H.761 WG 16 no ITU-T e Coordenador do GT de Middleware do F\u00f3rum SBTVD.<\/p>\n<p>Cosette Espindola de Castro (DF)<br \/>\nP\u00f3s-doutora em comunica\u00e7\u00e3o pela C\u00e1tedra da Unesco em Comunica\u00e7\u00e3o e Desenvolvimento Regional. Doutora pela Universidad Autonoma de Barcelona &#8211; Espanha. Professora da P\u00f3s-Gradua\u00e7\u00e3o em Comunica\u00e7\u00e3o na Universidade Cat\u00f3lica de Bras\u00edlia &#8211; UCB. Coordenadora do GT Conte\u00fados Digitais do Plano eLAC 2015 para Sociedade da Informa\u00e7\u00e3o na Am\u00e9rica Latina e Caribe; Coordenadora do GP Conte\u00fados Digitais e Converg\u00eancia Digital da INTERCOM; Vice-Coordenadora do GI de Comunica\u00e7\u00e3o Digital da Associa\u00e7\u00e3o dos Pesquisadores em Comunica\u00e7\u00e3o Digital &#8211; ALAIC. Autora dos livros Midias Digitais e Converg\u00eancia Tecnol\u00f3gica (2005) e Comunica\u00e7\u00e3o Digital (2008). Seu trabalho de p\u00f3s-doutorado sobre &#8220;Produ\u00e7\u00e3o de conte\u00fados digitais como estrat\u00e9gia de desenvolvimento&#8221; est\u00e1 dispon\u00edvel na internet.<\/p>\n<p>Cristiana Feitas (DF)<br \/>\nPossui gradua\u00e7\u00e3o em design de interfaces gr\u00e1ficas pela Faculdade Bras\u00edlia de Tecnologia, Ci\u00eancias e Educa\u00e7\u00e3o (2006) e mestrado em televis\u00e3o digital, informa\u00e7\u00e3o e conhecimento pela Universidade Estadual Paulista J\u00falio de Mesquita Filho (2011). Atualmente \u00e9 diretora &#8211; TECER Comunica\u00e7\u00e3o Interativa, professora auxiliar do Instituto de Educa\u00e7\u00e3o Superior de Bras\u00edlia e coordenadora da Empresa Brasil de Comunica\u00e7\u00e3o. Tem experi\u00eancia na \u00e1rea de comunica\u00e7\u00e3o, com \u00eanfase em comunica\u00e7\u00e3o visual, atuando principalmente nos seguintes temas: tv digital, conte\u00fado audiovisual interativo, ginga-ncl, converg\u00eancia de m\u00eddias e conte\u00fado audiovisual.<\/p>\n<p>Andr\u00e9 Barbosa (DF)<br \/>\nPesquisador em ci\u00eancias da comunica\u00e7\u00e3o, especialmente em m\u00eddias digitais, estrat\u00e9gias para desenvolvimento de politicas p\u00fablicas na \u00e1rea de comunica\u00e7\u00e3o digital.\u00a0Especializa\u00e7\u00f5es: TV Digital, R\u00e1dio Digital, estruturas de redes de radiodifus\u00e3o, gest\u00e3o de politicas p\u00fablica.<\/p>\n","protected":false},"excerpt":{"rendered":"<p>Um dos objetivos do Festival Taguatinga de Cinema \u00e9 oferecer cursos, oficinas e semin\u00e1rios que auxiliem na forma\u00e7\u00e3o de novos profissionais e sirvam de complemento para aqueles que j\u00e1 trabalham na \u00e1rea. Em parceria com a Ginga-DF e a Associa\u00e7\u00e3o Cultural FAISCA, o festival promover\u00e1 em 28 de mar\u00e7o, das 8h \u00e0s 12h e das [&hellip;]<\/p>\n","protected":false},"author":12,"featured_media":369,"comment_status":"closed","ping_status":"closed","sticky":false,"template":"","format":"standard","meta":{"footnotes":""},"categories":[5,6],"tags":[27,7],"class_list":["post-449","post","type-post","status-publish","format-standard","has-post-thumbnail","hentry","category-noticia","category-oficinas","tag-noticia","tag-seminario"],"_links":{"self":[{"href":"https:\/\/festivaltaguatinga.com.br\/blog\/wp-json\/wp\/v2\/posts\/449","targetHints":{"allow":["GET"]}}],"collection":[{"href":"https:\/\/festivaltaguatinga.com.br\/blog\/wp-json\/wp\/v2\/posts"}],"about":[{"href":"https:\/\/festivaltaguatinga.com.br\/blog\/wp-json\/wp\/v2\/types\/post"}],"author":[{"embeddable":true,"href":"https:\/\/festivaltaguatinga.com.br\/blog\/wp-json\/wp\/v2\/users\/12"}],"replies":[{"embeddable":true,"href":"https:\/\/festivaltaguatinga.com.br\/blog\/wp-json\/wp\/v2\/comments?post=449"}],"version-history":[{"count":1,"href":"https:\/\/festivaltaguatinga.com.br\/blog\/wp-json\/wp\/v2\/posts\/449\/revisions"}],"predecessor-version":[{"id":450,"href":"https:\/\/festivaltaguatinga.com.br\/blog\/wp-json\/wp\/v2\/posts\/449\/revisions\/450"}],"wp:featuredmedia":[{"embeddable":true,"href":"https:\/\/festivaltaguatinga.com.br\/blog\/wp-json\/wp\/v2\/media\/369"}],"wp:attachment":[{"href":"https:\/\/festivaltaguatinga.com.br\/blog\/wp-json\/wp\/v2\/media?parent=449"}],"wp:term":[{"taxonomy":"category","embeddable":true,"href":"https:\/\/festivaltaguatinga.com.br\/blog\/wp-json\/wp\/v2\/categories?post=449"},{"taxonomy":"post_tag","embeddable":true,"href":"https:\/\/festivaltaguatinga.com.br\/blog\/wp-json\/wp\/v2\/tags?post=449"}],"curies":[{"name":"wp","href":"https:\/\/api.w.org\/{rel}","templated":true}]}}