{"id":440,"date":"2014-03-19T20:11:00","date_gmt":"2014-03-19T23:11:00","guid":{"rendered":"http:\/\/festivaltaguatinga.com.br\/?p=440"},"modified":"2014-03-19T20:11:00","modified_gmt":"2014-03-19T23:11:00","slug":"oficina-de-realizacao-detalhes-sobre-as-aulas","status":"publish","type":"post","link":"https:\/\/festivaltaguatinga.com.br\/blog\/oficina-de-realizacao-detalhes-sobre-as-aulas\/","title":{"rendered":"Oficina de Realiza\u00e7\u00e3o: Detalhes sobre as aulas"},"content":{"rendered":"<div><span style=\"font-family: arial, sans-serif;font-size: xx-small\"><span style=\"font-size: medium\">A oficina de Realiza\u00e7\u00e3o Audiovisual Popular come\u00e7a em 27 de mar\u00e7o. As aulas ser\u00e3o sempre \u00e0s ter\u00e7as e quintas, das 14h30 \u00e0s 18h, no Teatro da Pra\u00e7a (Taguatinga Centro), at\u00e9 22 de abril. A oficina \u00e9 gratuita e as inscri\u00e7\u00f5es podem ser feitas at\u00e9 25 de mar\u00e7o, aqui mesmo no site:\u00a0<\/span><a href=\"http:\/\/festivaltaguatinga.com.br\/?page_id=313\" target=\"_blank\"><span style=\"font-size: medium\">http:\/\/festivaltaguatinga.com.br\/?page_id=313<\/span><\/a><span style=\"font-size: medium\">.<\/span><\/span><\/div>\n<div><span style=\"font-family: arial, sans-serif;font-size: xx-small\"><span style=\"font-size: medium\">\u00a0<\/span><\/span><\/div>\n<div><span style=\"font-family: arial, sans-serif;font-size: xx-small\"><span style=\"font-size: medium\">J\u00e1 se inscreveu? Ent\u00e3o corra, pois as vagas s\u00e3o limitadas!<\/span><\/span><\/div>\n<div><span style=\"font-family: arial, sans-serif;font-size: xx-small\"><span style=\"font-size: medium\">\u00a0<\/span><\/span><\/div>\n<div><span style=\"font-family: arial, sans-serif;font-size: xx-small\"><span style=\"font-size: medium\">A oficina ser\u00e1 ministrada por William Alves, cineasta e diretor do Festival Taguatinga de Cinema. Ele comenta que a metodologia de aprendizagem ser\u00e1 simples e permitir\u00e1 a qualquer pessoa compreender as t\u00e9cnicas utilizadas na produ\u00e7\u00e3o de v\u00eddeos e filmes, tanto para a internet quanto para televis\u00e3o e cinema:<\/span><\/span><\/div>\n<div><span style=\"font-family: arial, sans-serif;font-size: xx-small\"><span style=\"font-size: medium\">\u00a0<\/span><\/span><\/div>\n<div><span style=\"font-family: arial, sans-serif;font-size: xx-small\"><span style=\"font-size: medium\">\u201cA din\u00e2mica das aulas \u00e9 baseada na observa\u00e7\u00e3o de algumas produ\u00e7\u00f5es audiovisuais, al\u00e9m de exerc\u00edcios pr\u00e1ticos. A oficina ser\u00e1 feita de encontros presenciais e ter\u00e1 uma caracter\u00edstica colaborativa e continuada de troca de saberes. Quem j\u00e1 tem alguma experi\u00eancia audiovisual ter\u00e1 a oportunidade de potencializar seu conhecimento a partir das conversas, pr\u00e1ticas, observa\u00e7\u00f5es e exerc\u00edcios que ser\u00e3o propostos pela oficina\u201d, explica William.<\/span><\/span><\/div>\n<div><span style=\"font-family: arial, sans-serif;font-size: xx-small\"><span style=\"font-size: medium\">\u00a0<\/span><\/span><\/div>\n<div><span style=\"font-family: arial, sans-serif;font-size: xx-small\"><span style=\"font-size: medium\">Para complementar o conte\u00fado, ser\u00e3o trabalhados textos que colaboram nas discuss\u00f5es levantadas durante as aulas.<\/span><\/span><\/div>\n","protected":false},"excerpt":{"rendered":"<p>A oficina de Realiza\u00e7\u00e3o Audiovisual Popular come\u00e7a em 27 de mar\u00e7o. As aulas ser\u00e3o sempre \u00e0s ter\u00e7as e quintas, das 14h30 \u00e0s 18h, no Teatro da Pra\u00e7a (Taguatinga Centro), at\u00e9 22 de abril. A oficina \u00e9 gratuita e as inscri\u00e7\u00f5es podem ser feitas at\u00e9 25 de mar\u00e7o, aqui mesmo no site:\u00a0http:\/\/festivaltaguatinga.com.br\/?page_id=313. \u00a0 J\u00e1 se inscreveu? [&hellip;]<\/p>\n","protected":false},"author":12,"featured_media":357,"comment_status":"closed","ping_status":"closed","sticky":false,"template":"","format":"standard","meta":{"footnotes":""},"categories":[5,6],"tags":[27,28],"class_list":["post-440","post","type-post","status-publish","format-standard","has-post-thumbnail","hentry","category-noticia","category-oficinas","tag-noticia","tag-oficinas"],"_links":{"self":[{"href":"https:\/\/festivaltaguatinga.com.br\/blog\/wp-json\/wp\/v2\/posts\/440","targetHints":{"allow":["GET"]}}],"collection":[{"href":"https:\/\/festivaltaguatinga.com.br\/blog\/wp-json\/wp\/v2\/posts"}],"about":[{"href":"https:\/\/festivaltaguatinga.com.br\/blog\/wp-json\/wp\/v2\/types\/post"}],"author":[{"embeddable":true,"href":"https:\/\/festivaltaguatinga.com.br\/blog\/wp-json\/wp\/v2\/users\/12"}],"replies":[{"embeddable":true,"href":"https:\/\/festivaltaguatinga.com.br\/blog\/wp-json\/wp\/v2\/comments?post=440"}],"version-history":[{"count":2,"href":"https:\/\/festivaltaguatinga.com.br\/blog\/wp-json\/wp\/v2\/posts\/440\/revisions"}],"predecessor-version":[{"id":443,"href":"https:\/\/festivaltaguatinga.com.br\/blog\/wp-json\/wp\/v2\/posts\/440\/revisions\/443"}],"wp:featuredmedia":[{"embeddable":true,"href":"https:\/\/festivaltaguatinga.com.br\/blog\/wp-json\/wp\/v2\/media\/357"}],"wp:attachment":[{"href":"https:\/\/festivaltaguatinga.com.br\/blog\/wp-json\/wp\/v2\/media?parent=440"}],"wp:term":[{"taxonomy":"category","embeddable":true,"href":"https:\/\/festivaltaguatinga.com.br\/blog\/wp-json\/wp\/v2\/categories?post=440"},{"taxonomy":"post_tag","embeddable":true,"href":"https:\/\/festivaltaguatinga.com.br\/blog\/wp-json\/wp\/v2\/tags?post=440"}],"curies":[{"name":"wp","href":"https:\/\/api.w.org\/{rel}","templated":true}]}}