{"id":2394,"date":"2020-03-04T21:17:16","date_gmt":"2020-03-05T00:17:16","guid":{"rendered":"https:\/\/festivaltaguatinga.com.br\/blog\/?p=2394"},"modified":"2020-03-11T16:17:34","modified_gmt":"2020-03-11T19:17:34","slug":"semana-em-homenagem-a-athos-bulca-tera-mostra-especial-festival-taguatinga-de-cinema-de-03-a-06-de-marco","status":"publish","type":"post","link":"https:\/\/festivaltaguatinga.com.br\/blog\/semana-em-homenagem-a-athos-bulca-tera-mostra-especial-festival-taguatinga-de-cinema-de-03-a-06-de-marco\/","title":{"rendered":"Semana em Homenagem a Athos Bulc\u00e3o ter\u00e1 Mostra Especial do Festival Taguatinga de Cinema, de 03 a 06 de mar\u00e7o"},"content":{"rendered":"\n<p>O Festival Taguatinga de Cinema completou 22 anos de dedica\u00e7\u00e3o ao cinema de curta-metragem nacional e \u00e9 o mais longevo festival da periferia de Bras\u00edlia. Para a Semana em Homenagem a Athos Bulc\u00e3o, o festival oferecer\u00e1 ao p\u00fablico a Mostra Especial &#8216;Festival Taguatinga de Cinema&#8217;, com reprise dos filmes premiados e selecionados para a sua 14a. edi\u00e7\u00e3o . Os filmes ser\u00e3o exibidos em 4 sess\u00f5es di\u00e1rias, de 03 a 06 de mar\u00e7o, no Audit\u00f3rio Ministro Coqueijo Costa do Espa\u00e7o Cultural do Trabalho, na 513 Norte, 5\u00ba andar.<\/p>\n\n\n\n<p>O Festival Taguatinga de Cinema \u00e9 um campo de floresc\u00eancia para o cinema nacional de curta-metragem e promove espa\u00e7os de falas e reflex\u00f5es sobre a diversidade, expondo na grande tela a variedade de vidas capazes de inven\u00e7\u00e3o e cria\u00e7\u00e3o. O festival \u00e9 uma realiza\u00e7\u00e3o da Fa\u00edsca &#8211; Associa\u00e7\u00e3o Cultural e Ambiental, Baru Lab &#8211; Cria\u00e7\u00f5es e Inova\u00e7\u00f5es e Karibu Cultural.<\/p>\n","protected":false},"excerpt":{"rendered":"<p>O Festival Taguatinga de Cinema completou 22 anos de dedica\u00e7\u00e3o ao cinema de curta-metragem nacional e \u00e9 o mais longevo festival da periferia de Bras\u00edlia. Para a Semana em Homenagem a Athos Bulc\u00e3o, o festival oferecer\u00e1 ao p\u00fablico a Mostra Especial &#8216;Festival Taguatinga de Cinema&#8217;, com reprise dos filmes premiados e selecionados para a sua [&hellip;]<\/p>\n","protected":false},"author":12,"featured_media":2395,"comment_status":"closed","ping_status":"closed","sticky":false,"template":"","format":"standard","meta":{"footnotes":""},"categories":[5],"tags":[27],"class_list":["post-2394","post","type-post","status-publish","format-standard","has-post-thumbnail","hentry","category-noticia","tag-noticia"],"_links":{"self":[{"href":"https:\/\/festivaltaguatinga.com.br\/blog\/wp-json\/wp\/v2\/posts\/2394","targetHints":{"allow":["GET"]}}],"collection":[{"href":"https:\/\/festivaltaguatinga.com.br\/blog\/wp-json\/wp\/v2\/posts"}],"about":[{"href":"https:\/\/festivaltaguatinga.com.br\/blog\/wp-json\/wp\/v2\/types\/post"}],"author":[{"embeddable":true,"href":"https:\/\/festivaltaguatinga.com.br\/blog\/wp-json\/wp\/v2\/users\/12"}],"replies":[{"embeddable":true,"href":"https:\/\/festivaltaguatinga.com.br\/blog\/wp-json\/wp\/v2\/comments?post=2394"}],"version-history":[{"count":4,"href":"https:\/\/festivaltaguatinga.com.br\/blog\/wp-json\/wp\/v2\/posts\/2394\/revisions"}],"predecessor-version":[{"id":2408,"href":"https:\/\/festivaltaguatinga.com.br\/blog\/wp-json\/wp\/v2\/posts\/2394\/revisions\/2408"}],"wp:featuredmedia":[{"embeddable":true,"href":"https:\/\/festivaltaguatinga.com.br\/blog\/wp-json\/wp\/v2\/media\/2395"}],"wp:attachment":[{"href":"https:\/\/festivaltaguatinga.com.br\/blog\/wp-json\/wp\/v2\/media?parent=2394"}],"wp:term":[{"taxonomy":"category","embeddable":true,"href":"https:\/\/festivaltaguatinga.com.br\/blog\/wp-json\/wp\/v2\/categories?post=2394"},{"taxonomy":"post_tag","embeddable":true,"href":"https:\/\/festivaltaguatinga.com.br\/blog\/wp-json\/wp\/v2\/tags?post=2394"}],"curies":[{"name":"wp","href":"https:\/\/api.w.org\/{rel}","templated":true}]}}