{"id":1183,"date":"2016-06-03T00:45:38","date_gmt":"2016-06-03T03:45:38","guid":{"rendered":"http:\/\/festivaltaguatinga.com.br\/?p=1183"},"modified":"2016-06-03T00:45:38","modified_gmt":"2016-06-03T03:45:38","slug":"fsa-abre-inscricoes-em-editais-que-investem-na-producao-de-conteudo-para-cinema-e-tv","status":"publish","type":"post","link":"https:\/\/festivaltaguatinga.com.br\/blog\/fsa-abre-inscricoes-em-editais-que-investem-na-producao-de-conteudo-para-cinema-e-tv\/","title":{"rendered":"FSA abre inscri\u00e7\u00f5es em editais que investem na produ\u00e7\u00e3o de conte\u00fado para cinema e TV"},"content":{"rendered":"<p>A Ancine e o BRDE anunciaram nesta quinta, 2, o lan\u00e7amento das Chamadas P\u00fablicas Prodav\u00a02\/2016, de sele\u00e7\u00e3o de propostas de programa\u00e7\u00e3o destinadas ao mercado de televis\u00e3o; e Prodecine\u00a02\/2016, de sele\u00e7\u00e3o de projetos de produ\u00e7\u00e3o de obras de longa-metragem apresentados por distribuidoras, do Programa Brasil de Todas as Telas Ano 3.<\/p>\n<p>As duas chamadas funcionam em regime de fluxo cont\u00ednuo, recebendo inscri\u00e7\u00f5es at\u00e9 que se esgote a disponibilidade de recursos ou que seja publicada uma nova chamada p\u00fablica referente \u00e0 mesma linha de a\u00e7\u00e3o. Os editais, com inscri\u00e7\u00f5es abertas a partir de hoje, passam a operar substituindo as Chamadas P\u00fablicas Prodav\u00a02\/2013 e Prodecine\u00a02\/2013, com altera\u00e7\u00f5es pontuais.<\/p>\n<p>A Chamada Prodecine 2\/2016, com R$ 110 milh\u00f5es dispon\u00edveis, \u00e9 voltada para o investimento em projetos de produ\u00e7\u00e3o de longas-metragens de fic\u00e7\u00e3o, anima\u00e7\u00e3o e document\u00e1rio, apresentados por empresas distribuidoras brasileiras independentes. O objetivo \u00e9 permitir o planejamento da ocupa\u00e7\u00e3o do mercado de salas por filmes nacionais de produ\u00e7\u00e3o independente, estreitando a rela\u00e7\u00e3o entre produtoras e distribuidoras. Pelas novas regras da chamada, o limite de investimento por distribuidora ou grupo econ\u00f4mico passou de 25% para 30% do total de recursos disponibilizados.<\/p>\n<p>J\u00e1 a Chamada Prodav 2\/2016 seleciona Propostas de Programa\u00e7\u00e3o apresentadas por empresas programadoras, destinando recursos a projetos audiovisuais pr\u00e9-selecionados para as grades de programa\u00e7\u00e3o de canais de televis\u00e3o aberta e por assinatura. Nesta linha, s\u00e3o disponibilizados R$ 60 milh\u00f5es, em recursos do Fundo Setorial do Audiovisual. Nenhuma programadora ou grupo econ\u00f4mico poder\u00e1 receber investimento superior a 25% dos recursos previstos para esta chamada p\u00fablica e cada programadora poder\u00e1 apresentar apenas uma \u00fanica proposta de programa\u00e7\u00e3o por canal, sendo limitado ao investimento m\u00e1ximo de 20% dos recursos previstos.<\/p>\n<p>Uma das altera\u00e7\u00f5es mais importantes nas chamadas diz respeito a ado\u00e7\u00e3o de indutores regionais no regulamento dos dois editais. Do total de recursos disponibilizados pelo Prodecine 2\/2016 e pelo Prodav 2, no m\u00ednimo 30% deve ser destinado a projetos de produtoras sediadas nas regi\u00f5es Norte, Nordeste e Centro-Oeste, e ao menos 10% deve ser investido em projetos oriundos de empresas da regi\u00e3o Sul ou dos estados de Minas Gerais e Esp\u00edrito Santo.<\/p>\n<p>Para mais informa\u00e7\u00f5es, leia a \u00edntegra das Chamadas P\u00fablicas <a href=\"http:\/\/www.brde.com.br\/fsa\/chamadas-publicas\/producao\/chamada-publica-brdefsa-prodecine-022016\/\" target=\"_blank\">Prodecine\u00a02\/2016<\/a>,<a href=\"http:\/\/www.brde.com.br\/?p=4862\" target=\"_blank\">Prodav\u00a02\/2016<\/a> e o <a href=\"http:\/\/fsa.ancine.gov.br\/?q=normas\/regulamento-geral-do-prodav\" target=\"_blank\">Regulamento Geral do Prodav<\/a>.<\/p>\n<p>Fonte: Tela Viva<\/p>\n","protected":false},"excerpt":{"rendered":"<p>A Ancine e o BRDE anunciaram nesta quinta, 2, o lan\u00e7amento das Chamadas P\u00fablicas Prodav\u00a02\/2016, de sele\u00e7\u00e3o de propostas de programa\u00e7\u00e3o destinadas ao mercado de televis\u00e3o; e Prodecine\u00a02\/2016, de sele\u00e7\u00e3o de projetos de produ\u00e7\u00e3o de obras de longa-metragem apresentados por distribuidoras, do Programa Brasil de Todas as Telas Ano 3. As duas chamadas funcionam em [&hellip;]<\/p>\n","protected":false},"author":11,"featured_media":1184,"comment_status":"open","ping_status":"open","sticky":false,"template":"","format":"standard","meta":{"footnotes":""},"categories":[5],"tags":[27],"class_list":["post-1183","post","type-post","status-publish","format-standard","has-post-thumbnail","hentry","category-noticia","tag-noticia"],"_links":{"self":[{"href":"https:\/\/festivaltaguatinga.com.br\/blog\/wp-json\/wp\/v2\/posts\/1183","targetHints":{"allow":["GET"]}}],"collection":[{"href":"https:\/\/festivaltaguatinga.com.br\/blog\/wp-json\/wp\/v2\/posts"}],"about":[{"href":"https:\/\/festivaltaguatinga.com.br\/blog\/wp-json\/wp\/v2\/types\/post"}],"author":[{"embeddable":true,"href":"https:\/\/festivaltaguatinga.com.br\/blog\/wp-json\/wp\/v2\/users\/11"}],"replies":[{"embeddable":true,"href":"https:\/\/festivaltaguatinga.com.br\/blog\/wp-json\/wp\/v2\/comments?post=1183"}],"version-history":[{"count":1,"href":"https:\/\/festivaltaguatinga.com.br\/blog\/wp-json\/wp\/v2\/posts\/1183\/revisions"}],"predecessor-version":[{"id":1185,"href":"https:\/\/festivaltaguatinga.com.br\/blog\/wp-json\/wp\/v2\/posts\/1183\/revisions\/1185"}],"wp:featuredmedia":[{"embeddable":true,"href":"https:\/\/festivaltaguatinga.com.br\/blog\/wp-json\/wp\/v2\/media\/1184"}],"wp:attachment":[{"href":"https:\/\/festivaltaguatinga.com.br\/blog\/wp-json\/wp\/v2\/media?parent=1183"}],"wp:term":[{"taxonomy":"category","embeddable":true,"href":"https:\/\/festivaltaguatinga.com.br\/blog\/wp-json\/wp\/v2\/categories?post=1183"},{"taxonomy":"post_tag","embeddable":true,"href":"https:\/\/festivaltaguatinga.com.br\/blog\/wp-json\/wp\/v2\/tags?post=1183"}],"curies":[{"name":"wp","href":"https:\/\/api.w.org\/{rel}","templated":true}]}}